{"id":133254,"date":"2016-10-06T17:29:53","date_gmt":"2016-10-06T15:29:53","guid":{"rendered":"http:\/\/www.cronacaonline.it\/public\/content\/?p=133254"},"modified":"2016-10-06T17:29:53","modified_gmt":"2016-10-06T15:29:53","slug":"antonio-guterres-nominato-nuovo-segretario-generale-dellonu","status":"publish","type":"post","link":"https:\/\/www.cronacaonline.it\/index.php\/2016\/10\/06\/antonio-guterres-nominato-nuovo-segretario-generale-dellonu\/","title":{"rendered":"Antonio Guterres nominato nuovo segretario generale dell&#8217;Onu"},"content":{"rendered":"<p><strong>New York, 6 Ott 2016 - <\/strong>Confermato l'annuncio della vigilia: sar\u00e0 Antonio Guterres il nuovo segretario generale di Palazzo di Vetro. L'ex Alto commissario per i rifugiati ed ex premier portoghese \u00e8 stato nominato per acclamazione dal Consiglio di sicurezza dell'Onu all'unanimit\u00e0. La nomina dovr\u00e0 ora essere ratificata dall'Assemblea generale.<br \/>\nDal primo gennaio\u00a02017 Guterres prender\u00e0 dunque il posto di Ban Ki-moon, il cui secondo mandato scade il prossimo 31 dicembre.<\/p>\n<p>I 15 Paesi membri del Consiglio d sicurezza, riuniti a porte chiuse, hanno adottato una\u00a0risoluzione per presentare all'Assemblea generale di Palazzo di\u00a0Vetro la candidatura dell'ex premier portoghese.<br \/>\nA dare l'anticipazione dell'accordo sul suo nome in seno al Consiglio di sicurezza era stata ieri l'ambasciatrice americana presso l'Onu, Samantha Power.<\/p>\n","protected":false},"excerpt":{"rendered":"<p>New York, 6 Ott 2016 &#8211; Confermato l&#8217;annuncio della vigilia: sar\u00e0 Antonio Guterres il nuovo segretario generale di Palazzo di Vetro. L&#8217;ex Alto commissario per&#8230;<\/p>\n","protected":false},"author":2,"featured_media":133255,"comment_status":"closed","ping_status":"closed","sticky":false,"template":"","format":"standard","meta":[],"categories":[49,50],"tags":[],"_links":{"self":[{"href":"https:\/\/www.cronacaonline.it\/index.php\/wp-json\/wp\/v2\/posts\/133254"}],"collection":[{"href":"https:\/\/www.cronacaonline.it\/index.php\/wp-json\/wp\/v2\/posts"}],"about":[{"href":"https:\/\/www.cronacaonline.it\/index.php\/wp-json\/wp\/v2\/types\/post"}],"author":[{"embeddable":true,"href":"https:\/\/www.cronacaonline.it\/index.php\/wp-json\/wp\/v2\/users\/2"}],"replies":[{"embeddable":true,"href":"https:\/\/www.cronacaonline.it\/index.php\/wp-json\/wp\/v2\/comments?post=133254"}],"version-history":[{"count":0,"href":"https:\/\/www.cronacaonline.it\/index.php\/wp-json\/wp\/v2\/posts\/133254\/revisions"}],"wp:featuredmedia":[{"embeddable":true,"href":"https:\/\/www.cronacaonline.it\/index.php\/wp-json\/wp\/v2\/media\/133255"}],"wp:attachment":[{"href":"https:\/\/www.cronacaonline.it\/index.php\/wp-json\/wp\/v2\/media?parent=133254"}],"wp:term":[{"taxonomy":"category","embeddable":true,"href":"https:\/\/www.cronacaonline.it\/index.php\/wp-json\/wp\/v2\/categories?post=133254"},{"taxonomy":"post_tag","embeddable":true,"href":"https:\/\/www.cronacaonline.it\/index.php\/wp-json\/wp\/v2\/tags?post=133254"}],"curies":[{"name":"wp","href":"https:\/\/api.w.org\/{rel}","templated":true}]}}