{"id":133000,"date":"2016-10-01T08:21:37","date_gmt":"2016-10-01T06:21:37","guid":{"rendered":"http:\/\/www.cronacaonline.it\/public\/content\/?p=133000"},"modified":"2016-10-01T08:21:37","modified_gmt":"2016-10-01T06:21:37","slug":"riforme-costituzionali-scintille-tra-renzi-e-zagrebelsky","status":"publish","type":"post","link":"https:\/\/www.cronacaonline.it\/index.php\/2016\/10\/01\/riforme-costituzionali-scintille-tra-renzi-e-zagrebelsky\/","title":{"rendered":"Riforme costituzionali, scintille tra Renzi e Zagrebelsky"},"content":{"rendered":"<p><strong>Roma, 1 Ott 2016 - <\/strong>Duro confronto tra Matteo Renzi e\u00a0Gustavo Zagrebelsky nel dibattito\u00a0tra le ragioni\u00a0del S\u00ec e del No al referendum sulle riforme costituzionali in onda su La 7. Zagrebelsky: riforma \u00e8 conservativa e 'arma' potere esecutivo Il costituzionalista: \"Il significato di questa riforma \u00e8 un significato conservativo, serve ad 'armare' un sistema di potere oligarchico, di tipo esecutivo, non parlamentare\". \"I veri innovatori siamo noi, sono i fautori del No alla riforma\".<\/p>\n<p>\"L'instabilit\u00e0 del nostro Paese deriva dal fatto che \u00e8 un sistema politico molto complesso. Chi vuole governarlo deve avere le capacit\u00e0 di tenerlo insieme. Credo che lei si illuda che con la modifica di qualche norma della Costituzione o con la modifica della legge elettorale si creer\u00e0 maggiore stabilit\u00e0 politica. Anzi, c'\u00e8 una legge in base alla quale quando si crea un blocco di potere, questo fa aumentare le divisioni e le fratture interne. Le regole non rendono forte nessuno. Questa \u00e8 l'illusione di chi si sente debole\", dice Zagrebelsky.<\/p>\n<p>\"Dico che c'\u00e8 un pericolo per la\u00a0democrazia pensando non al suo governo ma ai governi che potranno venire - aggiunge Zagrebelsky -. L'Italicum crea un terreno aperto per\u00a0l'affermazione di poteri forti. Dovremmo attrezzarci per avere\u00a0un sistema di garanzie e bilanciato\".\u00a0\"Lei ha sostenuto - prosegue - che l'Italicum era la legge\u00a0pi\u00f9 bella del mondo e sarebbe stata invidiata da tutti. Invece\u00a0poich\u00e9 cambiano le condizioni e non siamo pi\u00f9 in un sistema\u00a0bipolare ma tripolare e i sondaggi dicono che quando il Pd si\u00a0presenta contro qualcun altro vince qualcun altro, il\u00a0ballottaggio non \u00e8 pi\u00f9 nel cuore del suo partito, forse \u00e8 nel\u00a0suo...\".\u00a0\u00a0\"Il rischio autoritario non \u00e8 lei, signor presidente del\u00a0Consiglio, ma \u00e8 il futuro del nostro Paese\".<\/p>\n<p>\"Il nostro Paese \u00e8 diviso in due, il suo partito \u00e8 diviso in due. Io non ho mai trovato in tante feste dell'Unit\u00e0 in cui sono andato in passato un clima di tensione cos\u00ec grande all'interno del Pd\", afferma il costituzionalista.<\/p>\n<p>\"Con la riforma si semplifica la vita\u00a0delle persone e si riducono costi della politica, si riducono\u00a0le poltrone\", ribatte il presidente del Consiglio.\u00a0\"Non sono io in ballo, ma la\u00a0Costituzione. Se la gente vota no ci terremo per vent'anni\u00a0questo sistema che, per me, non ha funzionato\".<\/p>\n<p>Matte Renzi sottolinea la differenza con la riforma presidenziale proposta dal Cavaliere. \"Berlusconi voter\u00e0 come lei. La\u00a0riforma di Berlusconi dava al presidente del Consiglio il potere\u00a0di sciogliere le Camere, io nemmeno ho il potere di sciogliere i\u00a0lacci delle scarpe\". \u00a0\"Il presidente del Consiglio da noi non pu\u00f2 neanche\u00a0nominare i ministri, pu\u00f2 proporli, non li pu\u00f2 revocare. Non\u00a0abbiamo cambiato i suoi poteri perch\u00e9 altrimenti sembrava che\u00a0facevo una riforma per me, presidente del Consiglio\". E ancora: \"In settanta anni abbiamo avuto 63 governi, il mio \u00e8 durato\u00a0pi\u00f9 di ogni governo guidato da De Gasperi, Aldo Moro, Andreotti,\u00a0Fanfani\", ricorda Renzi. \"Leopoldo Elia sollecitava una riforma\u00a0costituzionale sottolineando la necessit\u00e0 di una legge\u00a0elettorale che indicasse la possibilit\u00e0 di un governo in qualche\u00a0modo indicato dai cittadini\".<\/p>\n<p>\"Si il Senato conta meno con questa riforma,\u00a0perch\u00e9 non \u00e8 possibile continuare con un sistema in cui si\u00a0scambia la complessit\u00e0 con la democrazia, il nuovo Senato diventa\u00a0espressione di una comunit\u00e0 territoriale che interviene sulle\u00a0questioni territoriali e sull'Europa\".\u00a0\"Il punto vero \u00e8 che bisogna decidere se si vuole cambiare o no\", sostiene il premier.<\/p>\n<p>Ma Renzi parlando dell'Italicum ammette: il sistema dei \"capilista\" bloccati\u00a0\"non piace neanche a me. Ed \u00e8 una delle cose che vorrei\u00a0cambiare\",\u00a0\"le preferenze permettono ai cittadini di scegliere\".<\/p>\n","protected":false},"excerpt":{"rendered":"<p>Roma, 1 Ott 2016 &#8211; Duro confronto tra Matteo Renzi e\u00a0Gustavo Zagrebelsky nel dibattito\u00a0tra le ragioni\u00a0del S\u00ec e del No al referendum sulle riforme costituzionali&#8230;<\/p>\n","protected":false},"author":2,"featured_media":133001,"comment_status":"closed","ping_status":"closed","sticky":false,"template":"","format":"standard","meta":[],"categories":[49,50],"tags":[],"_links":{"self":[{"href":"https:\/\/www.cronacaonline.it\/index.php\/wp-json\/wp\/v2\/posts\/133000"}],"collection":[{"href":"https:\/\/www.cronacaonline.it\/index.php\/wp-json\/wp\/v2\/posts"}],"about":[{"href":"https:\/\/www.cronacaonline.it\/index.php\/wp-json\/wp\/v2\/types\/post"}],"author":[{"embeddable":true,"href":"https:\/\/www.cronacaonline.it\/index.php\/wp-json\/wp\/v2\/users\/2"}],"replies":[{"embeddable":true,"href":"https:\/\/www.cronacaonline.it\/index.php\/wp-json\/wp\/v2\/comments?post=133000"}],"version-history":[{"count":0,"href":"https:\/\/www.cronacaonline.it\/index.php\/wp-json\/wp\/v2\/posts\/133000\/revisions"}],"wp:featuredmedia":[{"embeddable":true,"href":"https:\/\/www.cronacaonline.it\/index.php\/wp-json\/wp\/v2\/media\/133001"}],"wp:attachment":[{"href":"https:\/\/www.cronacaonline.it\/index.php\/wp-json\/wp\/v2\/media?parent=133000"}],"wp:term":[{"taxonomy":"category","embeddable":true,"href":"https:\/\/www.cronacaonline.it\/index.php\/wp-json\/wp\/v2\/categories?post=133000"},{"taxonomy":"post_tag","embeddable":true,"href":"https:\/\/www.cronacaonline.it\/index.php\/wp-json\/wp\/v2\/tags?post=133000"}],"curies":[{"name":"wp","href":"https:\/\/api.w.org\/{rel}","templated":true}]}}