{"id":132952,"date":"2016-09-30T12:18:31","date_gmt":"2016-09-30T10:18:31","guid":{"rendered":"http:\/\/www.cronacaonline.it\/public\/content\/?p=132952"},"modified":"2016-09-30T12:18:31","modified_gmt":"2016-09-30T10:18:31","slug":"tre-giovani-di-assemini-arrestati-dai-carabinieri-per-furto-aggravato-in-concorso","status":"publish","type":"post","link":"https:\/\/www.cronacaonline.it\/index.php\/2016\/09\/30\/tre-giovani-di-assemini-arrestati-dai-carabinieri-per-furto-aggravato-in-concorso\/","title":{"rendered":"Tre giovani di Assemini arrestati dai carabinieri per furto aggravato in concorso."},"content":{"rendered":"<p>Assemini (Ca), 30 Sett 2016 - Questa mattina alle 05:00 circa, i carabinieri della Stazione di Assemini hanno arrestato in flagranza, per il reato di furto aggravato in appartamento in concorso, Mario Porcu, 18 anni, disoccupato, Riccardo Madeddu, 21 anni, disoccupato e Alessio Frau, di 23 anni, pregiudicato, tutti della cittadina.<\/p>\n<p>I giovani, alle ore 04:00 circa, ad Assemini, via Pola, si sono introdotti nel cortile di un\u2019abitazione da dove, dopo aver forzato il cancello d\u2019ingresso, hanno portato via uno scooter. Ma i tre, dopo aver visti arrivare gli uomini dell\u2019Arma, hanno cercato di fuggire ma sono stati quasi subito raggiunti e arrestati.<\/p>\n<p>In seguito lo scooter rubato \u00e8 stato recuperato e restituito al proprietario e Frau, a seguito della perquisizione, \u00e8 stato trovato anche in possesso di un coltello a serramanico del tipo proibito, ragion per cui \u00e8 stato segnalato in stato di libert\u00e0 a competente A.G.<\/p>\n","protected":false},"excerpt":{"rendered":"<p>Assemini (Ca), 30 Sett 2016 &#8211; Questa mattina alle 05:00 circa, i carabinieri della Stazione di Assemini hanno arrestato in flagranza, per il reato di&#8230;<\/p>\n","protected":false},"author":2,"featured_media":132953,"comment_status":"closed","ping_status":"closed","sticky":false,"template":"","format":"standard","meta":[],"categories":[49,55],"tags":[],"_links":{"self":[{"href":"https:\/\/www.cronacaonline.it\/index.php\/wp-json\/wp\/v2\/posts\/132952"}],"collection":[{"href":"https:\/\/www.cronacaonline.it\/index.php\/wp-json\/wp\/v2\/posts"}],"about":[{"href":"https:\/\/www.cronacaonline.it\/index.php\/wp-json\/wp\/v2\/types\/post"}],"author":[{"embeddable":true,"href":"https:\/\/www.cronacaonline.it\/index.php\/wp-json\/wp\/v2\/users\/2"}],"replies":[{"embeddable":true,"href":"https:\/\/www.cronacaonline.it\/index.php\/wp-json\/wp\/v2\/comments?post=132952"}],"version-history":[{"count":0,"href":"https:\/\/www.cronacaonline.it\/index.php\/wp-json\/wp\/v2\/posts\/132952\/revisions"}],"wp:featuredmedia":[{"embeddable":true,"href":"https:\/\/www.cronacaonline.it\/index.php\/wp-json\/wp\/v2\/media\/132953"}],"wp:attachment":[{"href":"https:\/\/www.cronacaonline.it\/index.php\/wp-json\/wp\/v2\/media?parent=132952"}],"wp:term":[{"taxonomy":"category","embeddable":true,"href":"https:\/\/www.cronacaonline.it\/index.php\/wp-json\/wp\/v2\/categories?post=132952"},{"taxonomy":"post_tag","embeddable":true,"href":"https:\/\/www.cronacaonline.it\/index.php\/wp-json\/wp\/v2\/tags?post=132952"}],"curies":[{"name":"wp","href":"https:\/\/api.w.org\/{rel}","templated":true}]}}