{"id":132929,"date":"2016-09-30T08:57:19","date_gmt":"2016-09-30T06:57:19","guid":{"rendered":"http:\/\/www.cronacaonline.it\/public\/content\/?p=132929"},"modified":"2016-09-30T08:57:19","modified_gmt":"2016-09-30T06:57:19","slug":"aperta-ufficialmente-ieri-sera-la-campagna-referendaria-renzi-se-vogliono-la-palude-si-prendano-altri-noi-vogliamo-cambiare","status":"publish","type":"post","link":"https:\/\/www.cronacaonline.it\/index.php\/2016\/09\/30\/aperta-ufficialmente-ieri-sera-la-campagna-referendaria-renzi-se-vogliono-la-palude-si-prendano-altri-noi-vogliamo-cambiare\/","title":{"rendered":"Aperta ufficialmente ieri sera la campagna referendaria, Renzi: se vogliono la palude si prendano altri, noi vogliamo cambiare"},"content":{"rendered":"<p>Firenze, 30 Sett 2016 - A Perugia e a Firenze Matteo Renzi parla della campagna per il referendum sulle riforme costituzionali. \"Sar\u00e0 una battaglia difficilissima, si cerca di mistificare, si dice che \u00e8 un tentativo di prendere il potere, quasi che fossimo di fronte ad una deriva autoritaria, ma noi dobbiamo rispondere con il sorriso, casa per casa: deve essere chiaro a tutti quello che potr\u00e0 accadere, se vince il no non cambier\u00e0 nulla per decenni\".<\/p>\n<p>\"Quello che ha cambiato la mia vita \u00e8 che\u00a0in questi 8 anni io ho sempre sentito di non essere da solo. Ho\u00a0sempre sentito nelle difficolt\u00e0 l'idea che per un tratto di\u00a0strada ci stesse toccando una grande responsabilit\u00e0. Non so fino\u00a0a che durer\u00e0. Ma so che noi siamo fatti per il cambiamento. Se\u00a0vogliono la palude, le solite facce, gli inciuci, si prendano\u00a0altri\". E ancora:\u00a0\"Io ti prometto, cara Italia, che\u00a0ce la metter\u00f2 tutta, ma voi promettetemi che ce la metteremo\u00a0tutta, e non ci fermeremo finch\u00e9 non cambia\".\u00a0 Poi:\u00a0\"L'Italia \u00e8 chiamata a scegliere e\u00a0tocca a noi. Sar\u00e0 una sfida difficilissima perch\u00e9 non ho mai visto tanta mistificazione tutta insieme, tante falsit\u00e0\".<\/p>\n<p>Il premier difende il ballottaggio ma aggiunge anche di \"non voler entrare nelle polemiche\", di voler trovare \"le ragioni che ci uniscono\", spiega che \"\u00e8 pronto a cambiare l'Italicum perch\u00e9 le riforme costituzionali sono pi\u00f9 importanti\". Nella sua tappa a Perugia per la campagna elettorale in vista del 4 dicembre ribadisce l'apertura alle modifiche del sistema di voto e sembra rivolgersi soprattutto a quel centrodestra che ha deciso per il no alle riforme \"in maniera incomprensibile\". Esclude la Lega, ma sulle altre forze il presidente del Consiglio auspica un ravvedimento e si dice al tempo stesso disponibile al dialogo sulla legge elettorale.<\/p>\n<p><iframe loading=\"lazy\" class=\"rep-video-embed\" src=\"http:\/\/video.repubblica.it\/embed\/dossier\/legge-elettorale-referendum-no-porcellum\/italicum-renzi-disponibilita-a-modifiche-e-sostanziale-e-non-teorica\/253663\/253866&width=320&height=180\" width=\"320\" height=\"180\" frameborder=\"0\" scrolling=\"no\"><\/iframe><br \/>\nRenzi non si spinge oltre. Vuole che si guardi al referendum, \"al futuro\". E allo stesso tempo elogia \"i giganti\" che hanno scritto la Costituzione. Vuole che ci si renda conto che l'alternativa al s\u00ec \"\u00e8 la palude\", \"\u00e8 una mia responsabilit\u00e0 farlo capire\".<\/p>\n<p>Nessuna sottovalutazione dell'importanza dell'appuntamento del 4 dicembre: \"Sia che vinca il s\u00ec o che vinca il no avr\u00e0 conseguenze, \u00e8 un momento decisivo, il referendum non \u00e8 deriva autoritaria ma riduzione delle poltrone\", premette. \u00a0Per trent'anni \"non sono riusciti a cambiare niente, c'\u00e8 chi vuole rifare la Bicamerale\", ma se fallisse la consultazione \"ci terremo il bicameralismo paritario\".<\/p>\n<p>Infine il presidente del Consiglio si rivolge al suo partito: \"Il referendum non \u00e8 un congresso\". A Speranza e ai bersaniani che criticano la tesi di allargare il consenso sul referendum a destra dice: \"Ecco perch\u00e9 sono minoranza... Noi vogliamo essere maggioranza\". La chiusa su D'Alema: \" \u00c8 un esperto di lotte fratricide in casa. Citofonare a Prodi e D'Alema per sapere quello che stiamo dicendo\". Renzi insiste: \"Se D'Alema avesse messo lo stesso impegno profuso contro i compagni di partito contro il centrodestra, questo Paese sarebbe stato diverso\".<\/p>\n","protected":false},"excerpt":{"rendered":"<p>Firenze, 30 Sett 2016 &#8211; A Perugia e a Firenze Matteo Renzi parla della campagna per il referendum sulle riforme costituzionali. &#8220;Sar\u00e0 una battaglia difficilissima,&#8230;<\/p>\n","protected":false},"author":2,"featured_media":132931,"comment_status":"closed","ping_status":"closed","sticky":false,"template":"","format":"standard","meta":[],"categories":[49,50],"tags":[],"_links":{"self":[{"href":"https:\/\/www.cronacaonline.it\/index.php\/wp-json\/wp\/v2\/posts\/132929"}],"collection":[{"href":"https:\/\/www.cronacaonline.it\/index.php\/wp-json\/wp\/v2\/posts"}],"about":[{"href":"https:\/\/www.cronacaonline.it\/index.php\/wp-json\/wp\/v2\/types\/post"}],"author":[{"embeddable":true,"href":"https:\/\/www.cronacaonline.it\/index.php\/wp-json\/wp\/v2\/users\/2"}],"replies":[{"embeddable":true,"href":"https:\/\/www.cronacaonline.it\/index.php\/wp-json\/wp\/v2\/comments?post=132929"}],"version-history":[{"count":0,"href":"https:\/\/www.cronacaonline.it\/index.php\/wp-json\/wp\/v2\/posts\/132929\/revisions"}],"wp:featuredmedia":[{"embeddable":true,"href":"https:\/\/www.cronacaonline.it\/index.php\/wp-json\/wp\/v2\/media\/132931"}],"wp:attachment":[{"href":"https:\/\/www.cronacaonline.it\/index.php\/wp-json\/wp\/v2\/media?parent=132929"}],"wp:term":[{"taxonomy":"category","embeddable":true,"href":"https:\/\/www.cronacaonline.it\/index.php\/wp-json\/wp\/v2\/categories?post=132929"},{"taxonomy":"post_tag","embeddable":true,"href":"https:\/\/www.cronacaonline.it\/index.php\/wp-json\/wp\/v2\/tags?post=132929"}],"curies":[{"name":"wp","href":"https:\/\/api.w.org\/{rel}","templated":true}]}}