{"id":132708,"date":"2016-09-26T16:56:48","date_gmt":"2016-09-26T14:56:48","guid":{"rendered":"http:\/\/www.cronacaonline.it\/public\/content\/?p=132708"},"modified":"2016-09-26T16:56:48","modified_gmt":"2016-09-26T14:56:48","slug":"competenze-digitali-school-makers-a-cagliari-il-29-e-30-settembre-con-il-presidente-pigliaru-e-lassessore-demuro","status":"publish","type":"post","link":"https:\/\/www.cronacaonline.it\/index.php\/2016\/09\/26\/competenze-digitali-school-makers-a-cagliari-il-29-e-30-settembre-con-il-presidente-pigliaru-e-lassessore-demuro\/","title":{"rendered":"Competenze digitali, &#8220;School Makers&#8221; a Cagliari il 29 e 30 settembre con il presidente Pigliaru e l&#8217;assessore Demuro"},"content":{"rendered":"<p>Cagliari, 26 Sett 016 -\u00a0Formare artigiani digitali e fornire a studenti, docenti e dipendenti della pubblica amministrazione le competenze sulle nuove tecnologie, un settore in piena evoluzione che gi\u00e0 offre interessanti opportunit\u00e0 di lavoro. Sono le finalit\u00e0 di \u00abSchool Makers Sardegna\u00bb, percorsi di apprendimento digitale per le competenze del XXI secolo, evento che si svolge il 29 e 30 settembre a Cagliari, al Palazzo dei Congressi della Fiera internazionale della Sardegna.<\/p>\n<p>Alla manifestazione, organizzata dalla Direzione generale per la Comunicazione della Presidenza, Servizio Comunicazione Istituzionale, Trasparenza e coordinamento Rete URP e Archivi, in collaborazione con Intel Italia, intervengono il presidente della Regione Francesco Pigliaru e l'assessore degli Affari Generali Gianmario Demuro. Docenti, studenti e dipendenti della pubblica amministrazione si confronteranno, attraverso laboratori e dimostrazioni pratiche, con le nuove tecnologie e con l'artigianato digitale.<\/p>\n<p>La mattina del 29 settembre si aprir\u00e0 alle ore 10, nell'aula Pasolini, e vedr\u00e0 la partecipazione del presidente della Giunta Francesco Pigliaru che si soffermer\u00e0 sul progetto \u201cIscol@\u201d, fortemente voluto dall'esecutivo per contrastare il fenomeno della dispersione scolastica e migliorare, anche grazie all'apporto dei nuovi sistemi digitali, la qualit\u00e0 dell'istruzione.\u00a0All'incontro partecipano anche Francesco Feliziani, direttore dell'Ufficio Scolastico Regionale, Damien Lanfrey, Chief Innovation Officer del Ministero dell'Istruzione, Donatella Solda, dirigente per la Digital Transformation del Ministero dell'Istruzione, e Silvia Invernici, Intel Education Manager.<\/p>\n<p>Nella stessa giornata seguiranno workshop e sessioni aperte al pubblico per favorire e rafforzare il rapporto tra pubblica amministrazione e cittadini. Previsti anche interventi di esperti in comunicazione pubblica che affronteranno il tema delle competenze strettamente connesse al mondo digitale e laboratori didattici sull\u2019innovazione tecnologica e sulle sue applicazioni nell'ambito scolastico.<br \/>\nIl 30 settembre, con inizio alle ore 9, l'assessore degli Affari Generali Gianmario Demuro illustrer\u00e0 \"La mappatura delle competenze\", un lavoro, appena portato a termine, che offre un quadro preciso e definito delle professionalit\u00e0 presenti all'interno del Sistema Regione.\u00a0La giornata proseguir\u00e0 con il seminario \"I Civil Servants del XXI secolo\", coordinato dall'attrice Patrizia Mottola, sui temi della comunicazione strategica, della formazione dei comunicatori e della valorizzazione del personale. L'incontro, aperto a tutti i cittadini, acquista una particolare valenza per i dipendenti regionali impegnati negli Uffici relazioni con il pubblico e nei campi della comunicazione e degli archivi.\u00a0La collaborazione con Intel si basa su un accordo di programma siglato dell\u2019azienda con Il Ministero dell\u2019Istruzione, con l\u2019obiettivo di accelerare il progresso della didattica attraverso l\u2019introduzione di modelli innovativi e digitali.<\/p>\n","protected":false},"excerpt":{"rendered":"<p>Cagliari, 26 Sett 016 &#8211;\u00a0Formare artigiani digitali e fornire a studenti, docenti e dipendenti della pubblica amministrazione le competenze sulle nuove tecnologie, un settore in&#8230;<\/p>\n","protected":false},"author":2,"featured_media":0,"comment_status":"closed","ping_status":"closed","sticky":false,"template":"","format":"standard","meta":[],"categories":[49,52],"tags":[],"_links":{"self":[{"href":"https:\/\/www.cronacaonline.it\/index.php\/wp-json\/wp\/v2\/posts\/132708"}],"collection":[{"href":"https:\/\/www.cronacaonline.it\/index.php\/wp-json\/wp\/v2\/posts"}],"about":[{"href":"https:\/\/www.cronacaonline.it\/index.php\/wp-json\/wp\/v2\/types\/post"}],"author":[{"embeddable":true,"href":"https:\/\/www.cronacaonline.it\/index.php\/wp-json\/wp\/v2\/users\/2"}],"replies":[{"embeddable":true,"href":"https:\/\/www.cronacaonline.it\/index.php\/wp-json\/wp\/v2\/comments?post=132708"}],"version-history":[{"count":0,"href":"https:\/\/www.cronacaonline.it\/index.php\/wp-json\/wp\/v2\/posts\/132708\/revisions"}],"wp:attachment":[{"href":"https:\/\/www.cronacaonline.it\/index.php\/wp-json\/wp\/v2\/media?parent=132708"}],"wp:term":[{"taxonomy":"category","embeddable":true,"href":"https:\/\/www.cronacaonline.it\/index.php\/wp-json\/wp\/v2\/categories?post=132708"},{"taxonomy":"post_tag","embeddable":true,"href":"https:\/\/www.cronacaonline.it\/index.php\/wp-json\/wp\/v2\/tags?post=132708"}],"curies":[{"name":"wp","href":"https:\/\/api.w.org\/{rel}","templated":true}]}}