{"id":132695,"date":"2016-09-26T15:10:29","date_gmt":"2016-09-26T13:10:29","guid":{"rendered":"http:\/\/www.cronacaonline.it\/public\/content\/?p=132695"},"modified":"2016-09-26T15:10:29","modified_gmt":"2016-09-26T13:10:29","slug":"carceri-assessore-demuro-interviene-a-pianosa-a-tavola-rotonda-su-reinserimento-sociale-detenuti","status":"publish","type":"post","link":"https:\/\/www.cronacaonline.it\/index.php\/2016\/09\/26\/carceri-assessore-demuro-interviene-a-pianosa-a-tavola-rotonda-su-reinserimento-sociale-detenuti\/","title":{"rendered":"Carceri, Assessore Demuro interviene a Pianosa a tavola rotonda su reinserimento sociale detenuti"},"content":{"rendered":"<p>Cagliari, 26 Sett 2016 -\u00a0l'assessore degli affari generali Gianmario Demuro interviene,\u00a0domani\u00a0marted\u00ec 27 settembre, all\u2019interno del carcere di pianosa, alla tavola rotonda sul reinserimento sociale dei detenuti. Sar\u00e0 presente il ministro della giustizia andrea orlando. L'incontro, che avr\u00e0 inizio alle 11.30, \u00e8 organizzato dal ministero della giustizia e dall\u2019ente parco nazionale arcipelago toscano. Sono previsti inoltre gli interventi del sottosegretario del ministero del lavoro e delle politiche sociali luigi bobba e del sottosegretario del ministero dell\u2019ambiente silvia velo. Demuro, in rappresentanza del Presidente Francesco Pigliaru, illustrer\u00e0 il progetto \"colonie penali agricole\" avviato in via sperimentale, in Sardegna, nelle strutture di Is Arenas, Mamone e Isili.<\/p>\n<p>L'intervento viene promosso dalla rete rurale nazionale in collaborazione con la regione (attraverso l'agenzia Laore), il crea (consiglio per la ricerca in agricoltura e l'analisi dell\u2019economia agraria) e il ministero della giustizia. \"il programma - sottolinea Demuro - costituisce una prima sperimentazione finalizzata al reinserimento sociale e lavorativo dei detenuti. Viene previsto un percorso formativo per lo sviluppo di concreti progetti di agricoltura sociale nelle colonie penali agricole di Isili, Mamone e Is Arenas, con l'attiva partecipazione degli ospiti delle strutture detentive\".<\/p>\n","protected":false},"excerpt":{"rendered":"<p>Cagliari, 26 Sett 2016 &#8211;\u00a0l&#8217;assessore degli affari generali Gianmario Demuro interviene,\u00a0domani\u00a0marted\u00ec 27 settembre, all\u2019interno del carcere di pianosa, alla tavola rotonda sul reinserimento sociale dei&#8230;<\/p>\n","protected":false},"author":2,"featured_media":75817,"comment_status":"closed","ping_status":"closed","sticky":false,"template":"","format":"standard","meta":[],"categories":[49,52],"tags":[],"_links":{"self":[{"href":"https:\/\/www.cronacaonline.it\/index.php\/wp-json\/wp\/v2\/posts\/132695"}],"collection":[{"href":"https:\/\/www.cronacaonline.it\/index.php\/wp-json\/wp\/v2\/posts"}],"about":[{"href":"https:\/\/www.cronacaonline.it\/index.php\/wp-json\/wp\/v2\/types\/post"}],"author":[{"embeddable":true,"href":"https:\/\/www.cronacaonline.it\/index.php\/wp-json\/wp\/v2\/users\/2"}],"replies":[{"embeddable":true,"href":"https:\/\/www.cronacaonline.it\/index.php\/wp-json\/wp\/v2\/comments?post=132695"}],"version-history":[{"count":0,"href":"https:\/\/www.cronacaonline.it\/index.php\/wp-json\/wp\/v2\/posts\/132695\/revisions"}],"wp:featuredmedia":[{"embeddable":true,"href":"https:\/\/www.cronacaonline.it\/index.php\/wp-json\/"}],"wp:attachment":[{"href":"https:\/\/www.cronacaonline.it\/index.php\/wp-json\/wp\/v2\/media?parent=132695"}],"wp:term":[{"taxonomy":"category","embeddable":true,"href":"https:\/\/www.cronacaonline.it\/index.php\/wp-json\/wp\/v2\/categories?post=132695"},{"taxonomy":"post_tag","embeddable":true,"href":"https:\/\/www.cronacaonline.it\/index.php\/wp-json\/wp\/v2\/tags?post=132695"}],"curies":[{"name":"wp","href":"https:\/\/api.w.org\/{rel}","templated":true}]}}