{"id":132671,"date":"2016-09-26T09:05:27","date_gmt":"2016-09-26T07:05:27","guid":{"rendered":"http:\/\/www.cronacaonline.it\/public\/content\/?p=132671"},"modified":"2016-09-26T09:05:27","modified_gmt":"2016-09-26T07:05:27","slug":"premio-dessi-firino-appuntamento-di-grande-prestigio-nel-panorama-nazionale","status":"publish","type":"post","link":"https:\/\/www.cronacaonline.it\/index.php\/2016\/09\/26\/premio-dessi-firino-appuntamento-di-grande-prestigio-nel-panorama-nazionale\/","title":{"rendered":"Premio Dess\u00ec, Firino: \u201cappuntamento di grande prestigio nel panorama nazionale\u201d"},"content":{"rendered":"<p>Villacidro, 25 Sett 2016- \u201c\u00c8 una grande emozione partecipare alla 31esima edizione del Premio letterario Giuseppe Dess\u00ec. Possiamo considerarla una ripartenza ma soprattutto una conferma, e confermare\u00a0oggi\u00a0eventi come questo \u00e8 operazione sempre pi\u00f9 difficile, e per questo da considerare di alto valore sociale e culturale. Nel piccolo centro di Villacidro si assiste infatti a un premio letterario di caratura nazionale: \u00e8 un presidio importante per tutta la Sardegna, un progetto che non \u00e8 mai sceso a compromessi sulla sua qualit\u00e0. Questo \u00e8 il principale merito che riconosco alla Fondazione promotrice, al Comune e a tutti i soggetti pubblici e privati che hanno consentito la realizzazione di questa iniziativa\u201d.<\/p>\n<p>A dirlo \u00e8 l\u2019assessore della Cultura Claudia Firino, intervenendo sul palco questa sera a Villacidro, per la 31esima edizione del Premio letterario Giuseppe Dess\u00ec.<\/p>\n<p>\u201cL\u2019opera letteraria e la vita di Giuseppe Dess\u00ec \u2013 ha proseguito concludendo Firino - ci restituiscono un lascito forte sotto il profilo dell\u2019impegno civile e politico, nel senso pi\u00f9 alto del termine. Mi piace quindi ricordare una delle figure descritte nell\u2019opera dello scrittore villacidrese, Il Disertore, Mariangela Ecca, una donna fortissima e disperata che amo molto perch\u00e9 protagonista di un impegno silente e determinato come a tante donne del nostro tempo capita: una eredit\u00e0 di cui abbiamo grande bisogno\u201d.<\/p>\n","protected":false},"excerpt":{"rendered":"<p>Villacidro, 25 Sett 2016- \u201c\u00c8 una grande emozione partecipare alla 31esima edizione del Premio letterario Giuseppe Dess\u00ec. Possiamo considerarla una ripartenza ma soprattutto una conferma,&#8230;<\/p>\n","protected":false},"author":2,"featured_media":132672,"comment_status":"closed","ping_status":"closed","sticky":false,"template":"","format":"standard","meta":[],"categories":[49,52],"tags":[],"_links":{"self":[{"href":"https:\/\/www.cronacaonline.it\/index.php\/wp-json\/wp\/v2\/posts\/132671"}],"collection":[{"href":"https:\/\/www.cronacaonline.it\/index.php\/wp-json\/wp\/v2\/posts"}],"about":[{"href":"https:\/\/www.cronacaonline.it\/index.php\/wp-json\/wp\/v2\/types\/post"}],"author":[{"embeddable":true,"href":"https:\/\/www.cronacaonline.it\/index.php\/wp-json\/wp\/v2\/users\/2"}],"replies":[{"embeddable":true,"href":"https:\/\/www.cronacaonline.it\/index.php\/wp-json\/wp\/v2\/comments?post=132671"}],"version-history":[{"count":0,"href":"https:\/\/www.cronacaonline.it\/index.php\/wp-json\/wp\/v2\/posts\/132671\/revisions"}],"wp:featuredmedia":[{"embeddable":true,"href":"https:\/\/www.cronacaonline.it\/index.php\/wp-json\/wp\/v2\/media\/132672"}],"wp:attachment":[{"href":"https:\/\/www.cronacaonline.it\/index.php\/wp-json\/wp\/v2\/media?parent=132671"}],"wp:term":[{"taxonomy":"category","embeddable":true,"href":"https:\/\/www.cronacaonline.it\/index.php\/wp-json\/wp\/v2\/categories?post=132671"},{"taxonomy":"post_tag","embeddable":true,"href":"https:\/\/www.cronacaonline.it\/index.php\/wp-json\/wp\/v2\/tags?post=132671"}],"curies":[{"name":"wp","href":"https:\/\/api.w.org\/{rel}","templated":true}]}}