{"id":132649,"date":"2016-09-25T09:22:22","date_gmt":"2016-09-25T07:22:22","guid":{"rendered":"http:\/\/www.cronacaonline.it\/public\/content\/?p=132649"},"modified":"2016-09-25T09:22:22","modified_gmt":"2016-09-25T07:22:22","slug":"la-destra-estrema-vedi-roma-si-e-impadronita-del-movimento-e-grillo-torna-a-comando-m5s-sono-tornato-e-qui-comando-solo-io","status":"publish","type":"post","link":"https:\/\/www.cronacaonline.it\/index.php\/2016\/09\/25\/la-destra-estrema-vedi-roma-si-e-impadronita-del-movimento-e-grillo-torna-a-comando-m5s-sono-tornato-e-qui-comando-solo-io\/","title":{"rendered":"La destra estrema (vedi Roma) si \u00e8 impadronita del movimento e Grillo torna a comando M5S: sono tornato e qui comando solo io."},"content":{"rendered":"<p>Palermo, 25 Sett 2016 - Il nuovo M5s 2.0, quello che aprir\u00e0 \"la fase due\", il secondo tempo del Movimento che avanza a passo di gambero vede il suo futuro in un ritorno alle origini. Con Beppe Grillo che si riprende in mano lo scettro pentastellato ma vuole porte aperte al nuovo che avanza. Un nuovo che non pu\u00f2 prescindere da quella compattezza mancata nei giorni del caos romano e che Davide Casaleggio, al suo 'esordio' davanti alla platea degli attivisti, chiama con nettezza. \"Restiamo uniti, solo uniti realizzeremo un sogno che era di mio padre e che oggi \u00e8 di milioni di persone\", \u00e8 il monito del figlio di Gianroberto.<\/p>\n<p>Nel pomeriggio \u00e8 invece Grillo a dettare la linea. Ed \u00e8 una linea che risente delle forti tensioni interne. \"Se devo fare il capo politico lo far\u00f2. Io ci sono a tempo pieno. Non posso pi\u00f9 con il passo di lato. Io voglio stare con il M5S fino alle elezioni e vincerle\", annuncia, confermando le impressioni che lo vedevano tornato alla guida. Ammette anche \"gli sbagli che abbiamo fatto\" l'ex comico, ma \u00e8 certo che in definitiva gli italiani delle beghe interne del M5s \"se ne strasbattono\". E i numeri lo dimostrano: quando ha temuto che potesse venire gi\u00f9 il castello costruito con pazienza per anni a causa dei litigi, poi si \u00e8 rasserenato: \"Ho visto che siamo calati dello 0,1%-0,2%\".<\/p>\n<p>Ma per andare avanti qualcun altro dovr\u00e0 fare un passo indietro. Non nomina il direttorio ma apre spazi a chi sar\u00e0 in grado di servire la causa del Movimento. E alle nuove generazioni. \"Siamo davanti alla prima fase di un grande esperimento, ci sar\u00e0 una seconda fase e la inaugureremo stasera\" dice il leader che spiega: \"Fase 2 vuol dire che parlo di una seconda generazione, parlo dei giovani che si avvicinano adesso e devono capire cosa \u00e8 il Movimento\".<\/p>\n<p>Non nega rivalit\u00e0 nel Direttorio: \"Forse s\u00ec, ma \u00e8 normale, del resto la tv \u00e8 immagine, c'\u00e8 quello che funziona di pi\u00f9 o quello che funziona meno\". Tanto pi\u00f9 che i parlamentari li ho visti \"un po' stanchi, ma \u00e8 normale\", aggiunge Grillo, non annunciando ancora nulla sulla cessione del simbolo, che ora resta saldo nelle sue mani.<\/p>\n<p>Ma, a sorpresa, \"la settimana prossima uscir\u00e0 un regolamento\". Non solo: in \"tv andr\u00e0 solo chi dovr\u00e0 parlare di un tema, del nostro programma. Si va in tv sulla base dei programmi\". Cos\u00ec come sul palco di Palermo dove i componenti del direttorio si sono alternati agli altri portavoce intervenendo sui temi di loro competenza. La fine nei fatti del direttorio la certifica anche Roberto Fico: \"Il direttorio non \u00e8 un organo politico del Movimento. Non esiste il direttorio, esistono persone che decidono per le loro competenze, esistono funzioni\". E insiste nella sua 'crociata' purista. \"Dobbiamo restare ancorati a ci\u00f2 che siamo. Dobbiamo rimanere fedeli a noi stessi\". Il Movimento, ripete, \"\u00e8 partecipazione e condivisione\" e \"noi andiamo avanti su questa strada. Non esistono Vip o Big. Non esiste Fico o Di Maio, esistono persone che partecipano\". Facile a dirsi.<\/p>\n<p>A Palermo irrompe Alessandro Di Battista che arriva trionfante sulla sua moto che lo ha portato a spopolare le piazze in giro per l'Italia con la sua campagna per il No alla riforma. Guadagnandosi i galloni sul campo.<\/p>\n<p>Quindi la serata si conclude con sul palco tutti gli esponenti 5 Stelle, dall'altro certifica l'emergere di un 'tridente': quello formato da Alessandro Di Battista, Luigi Di Maio e Davide Casaleggio. Sono loro a chiudere la serata, ad essere presentati assieme come i paladini dell'onest\u00e0. A non avere, a differenza degli altri, confini tematici. \"Siamo la prima forza del Paese e governiamo Roma\", \u00e8 lo slogan di Di Maio secondo cui, con il No ai Giochi olimpici \"abbiamo salvato dal dissesto Roma\".<\/p>\n","protected":false},"excerpt":{"rendered":"<p>Palermo, 25 Sett 2016 &#8211; Il nuovo M5s 2.0, quello che aprir\u00e0 &#8220;la fase due&#8221;, il secondo tempo del Movimento che avanza a passo di&#8230;<\/p>\n","protected":false},"author":2,"featured_media":132650,"comment_status":"closed","ping_status":"closed","sticky":false,"template":"","format":"standard","meta":[],"categories":[49,50],"tags":[],"_links":{"self":[{"href":"https:\/\/www.cronacaonline.it\/index.php\/wp-json\/wp\/v2\/posts\/132649"}],"collection":[{"href":"https:\/\/www.cronacaonline.it\/index.php\/wp-json\/wp\/v2\/posts"}],"about":[{"href":"https:\/\/www.cronacaonline.it\/index.php\/wp-json\/wp\/v2\/types\/post"}],"author":[{"embeddable":true,"href":"https:\/\/www.cronacaonline.it\/index.php\/wp-json\/wp\/v2\/users\/2"}],"replies":[{"embeddable":true,"href":"https:\/\/www.cronacaonline.it\/index.php\/wp-json\/wp\/v2\/comments?post=132649"}],"version-history":[{"count":0,"href":"https:\/\/www.cronacaonline.it\/index.php\/wp-json\/wp\/v2\/posts\/132649\/revisions"}],"wp:featuredmedia":[{"embeddable":true,"href":"https:\/\/www.cronacaonline.it\/index.php\/wp-json\/wp\/v2\/media\/132650"}],"wp:attachment":[{"href":"https:\/\/www.cronacaonline.it\/index.php\/wp-json\/wp\/v2\/media?parent=132649"}],"wp:term":[{"taxonomy":"category","embeddable":true,"href":"https:\/\/www.cronacaonline.it\/index.php\/wp-json\/wp\/v2\/categories?post=132649"},{"taxonomy":"post_tag","embeddable":true,"href":"https:\/\/www.cronacaonline.it\/index.php\/wp-json\/wp\/v2\/tags?post=132649"}],"curies":[{"name":"wp","href":"https:\/\/api.w.org\/{rel}","templated":true}]}}