{"id":132623,"date":"2016-09-24T12:24:31","date_gmt":"2016-09-24T10:24:31","guid":{"rendered":"http:\/\/www.cronacaonline.it\/public\/content\/?p=132623"},"modified":"2016-09-24T12:24:31","modified_gmt":"2016-09-24T10:24:31","slug":"terremoto-renzi-basta-piangere-il-giorno-dopo-fare-prevenzione","status":"publish","type":"post","link":"https:\/\/www.cronacaonline.it\/index.php\/2016\/09\/24\/terremoto-renzi-basta-piangere-il-giorno-dopo-fare-prevenzione\/","title":{"rendered":"Terremoto, Renzi: &#8220;basta piangere il giorno dopo, fare prevenzione&#8221;"},"content":{"rendered":"<p>Roma, 24 Sett 2016 - E' trascorso un mese dal terremoto che\u00a0nella notte del 24 agosto, alle 3 e 36, devast\u00f2\u00a0Amatrice, Accumoli e Arquata del Tronto provocando 297\u00a0morti e oltre 400 feriti. La terra in questi giorni non ha smesso di tremare. Ieri sera alle 22.03 una scossa di magnitudo 3,8 \u00e8 stata avvertita tra Norcia, Accumoli e Arquata del Tronto.\u00a0Attualmente sono circa 3 mila le persone assistite, 2.500 ancora in tenda, anche se a giorni comincer\u00e0 una drastica riduzione della popolazione in tendopoli. Ci vorr\u00e0 per\u00f2\u00a0ancora del tempo, circa 7 mesi, per l\u2019arrivo delle casette in legno. Il decreto sulla ricostruzione sar\u00e0<\/p>\n<p>\"238 persone salvate, ma da Presidente del Consiglio vi dico che non basta essere bravi\u00a0nell'emergenza\". Lo ha detto il presidente del Consiglio Matte Renzi ricordando che oggi \u00e8 un mese dal giorno del terremoto in\u00a0Centro Italia, durante un intervento a un'iniziativa a favore del\u00a0\"s\u00ec\" al referendum costituzionale al Teatro Metastasio di Prato.<\/p>\n<p>\"Oggi dobbiamo prendere un impegno, \u00e8 dura piangere il giorno\u00a0dopo tutte le volte, \u00e8 dura vedere le vittime del dissesto\u00a0idrogeologico - ha aggiunto Renzi -. Da babbo mi sono sentito di fare una proposta a tutti i partiti politici: mettiamo da parte\u00a0le distinzioni politiche, litighiamo su riforme, legge\u00a0elettorale, Jobs act ma sul punto fondamentale della tutela del\u00a0territorio dei nostri figli facciamo un patto comune. E' nata\u00a0Casa Italia. Mettiamo in campo un cambiamento: anzich\u00e9 piangere\u00a0il giorno dopo o essere bravi nell'emergenza pensiamo alle\u00a0prossime generazioni\".<\/p>\n<p>\"Il nostro Paese ricostruir\u00e0 i territori colpiti del terremoto come erano prima e pi\u00f9 belli di prima\" - ha sottolineato\u00a0ieri\u00a0il premier\u00a0in una conferenza stampa a Palazzo Chigi.\u00a0\"Il nostro obiettivo - ha proseguito\u00a0-\u00a0per le prime e le seconde case e per gli esercizi commerciali, \u00e8 riportare tutto a come era prima. La ricostruzione non sar\u00e0 un fatto strettamente amministrativo. Valorizzeremo le comunit\u00e0\", ha ribadito.\u00a0\"Il mio primo pensiero- ha detto Renzi- va alle vittime, alle famiglie, ai sopravvissuti e a chi cerca di ricominciare a vivere sapendo che nulla sar\u00e0 pi\u00f9 come prima\". Ora, anche se \"i riflettori si abbassano, questo non toglie niente al loro dolore e nostro dovere di farci carico alle sofferenze\". Renzi torna infine a ringraziare tutti coloro che sono \"intervenuti nell'emergenza\". La ricostruzione post terremoto \u2013 ha continuato \u00e8 sempre problematica ma non sar\u00e0 mai un fatto amministrativo, serve un forte senso delle comunit\u00e0\".<\/p>\n<p>\"Il decreto, che sar\u00e0 approvato dal Consiglio dei Ministri non oltre il 2 o 3 ottobre proporr\u00e0, e questa \u00e8 una scelta importante, un meccanismo chiaro di riconoscimento pieno dei danni del terremoto e dunque non ci troveremo in una situazione nella quale ogni anno dovremo discutere le quote per il risarcimento\". Lo ha detto il commissario straordinario per la ricostruzione Vasco Errani. \"Tutti i danni saranno riconosciuti puntualmente e ovunque. Questo terremoto \u00e8 arrivato lontano\".<\/p>\n<p>\"Per quello che abbiamo potuto vedere, le cifre sui danni dovrebbero aggirarsi sui 3-4 miliardi, ma non sono numeri certi, forse vanno letti anche in difetto\". Lo ha detto il capo del dipartimento Protezione civile, Fabrizio Curcio. Facendo il punto sulla macchina dei soccorsi Curcio ha detto: \"A oggi abbiamo 3.000 assistiti, di cui 2.500 ancora in tenda. La nostra priorit\u00e0 \u00e8 chiudere le tendopoli, ma dobbiamo essere seri, la data la stiamo costruendo, perch\u00e9 le condizioni non permettono di dare delle date\". \"Il problema \u00e8 anche di psicologia e di rapporti con il territorio, ci sono problemi anche per far rientrare la gente nelle case agibili\", ha aggiunto. \"Questo fine settimana ci sar\u00e0 una riduzione importante, c'\u00e8 la convinzione di molti di poter lasciare le tendopoli\", ha proseguito Curcio. Intanto si sta lavorando all'attivazione del Fondo di solidariet\u00e0 europeo: \u201cE\u2019 un lavoro importante che ci consentir\u00e0 di accedere a delle risorse che saranno non meno di 3-4 miliardi, ma \u00e8 una cifra assolutamente orientativa\".<\/p>\n<p>\"Tutti pensano alla ricostruzione, io penso alla 'Amatrice a tempo'. Non solo case, si dovr\u00e0 prevedere in maniera perentoria anche il ripristino di tutte le attivit\u00e0 economiche perch\u00e9 nel centro storico ben 57 attivit\u00e0 non esistono pi\u00f9. Se realizziamo le case senza le attivit\u00e0 che esistevano prima, questo diventa un paese-presepe o dei cretini che vengono a farsi i selfie sulle macerie\". Cos\u00ec il sindaco di Amatrice, Sergio Pirozzi intervistato da 'Il Tempo' a un mese esatto dal sisma che ha colpito il Centro Italia. \"Sogno che il 17 aprile ci siano le case ma anche e soprattutto i bar, i ristoranti, i negozi, le imprese. Il 90% del tessuto economico \u00e8 andato perduto - aggiunge Pirozzi - Barra dritta a quella data: il giorno di Pasqua segner\u00e0 anche la resurrezione di Amatrice a tempo, pi\u00f9 importante della ricostruzione\".<\/p>\n<p>Oggi, a un mese esatto da quella tragica notte del 24 agosto, non sono previste iniziative in citt\u00e0. \"Non facciamo niente, n\u00e9 fiaccolate n\u00e9 altro, a eccezione di una messa. Il dolore ognuno lo vive a modo suo. Domani invece - conclude il sindaco di Amatrice - alle 11 metteremo la bandiera italiana, quella di Amatrice e dei borghi pi\u00f9 belli d'Italia nel parco 'Padre Minozzi' con una lapide in memoria delle vittime sulla quale ognuno pu\u00f2 venire a mettere un fiore\".<\/p>\n<p>A un mese dal sisma, la rai realizza uno speciale di tre\u00a0giorni (23, 24 e 25 settembre) in diretta dai luoghi del sisma. Titolo dell'iniziativa: \"3.36 #nondimentichiamoli\". Un lungo racconto con\u00a0trasmissioni e approfondimenti e dirette, con servizi, ospiti e testimonianze che si alternano su RaiNews24, Tg3, Tgr e Radio 1.<\/p>\n","protected":false},"excerpt":{"rendered":"<p>Roma, 24 Sett 2016 &#8211; E&#8217; trascorso un mese dal terremoto che\u00a0nella notte del 24 agosto, alle 3 e 36, devast\u00f2\u00a0Amatrice, Accumoli e Arquata del&#8230;<\/p>\n","protected":false},"author":2,"featured_media":131338,"comment_status":"closed","ping_status":"closed","sticky":false,"template":"","format":"standard","meta":[],"categories":[49,50],"tags":[],"_links":{"self":[{"href":"https:\/\/www.cronacaonline.it\/index.php\/wp-json\/wp\/v2\/posts\/132623"}],"collection":[{"href":"https:\/\/www.cronacaonline.it\/index.php\/wp-json\/wp\/v2\/posts"}],"about":[{"href":"https:\/\/www.cronacaonline.it\/index.php\/wp-json\/wp\/v2\/types\/post"}],"author":[{"embeddable":true,"href":"https:\/\/www.cronacaonline.it\/index.php\/wp-json\/wp\/v2\/users\/2"}],"replies":[{"embeddable":true,"href":"https:\/\/www.cronacaonline.it\/index.php\/wp-json\/wp\/v2\/comments?post=132623"}],"version-history":[{"count":0,"href":"https:\/\/www.cronacaonline.it\/index.php\/wp-json\/wp\/v2\/posts\/132623\/revisions"}],"wp:featuredmedia":[{"embeddable":true,"href":"https:\/\/www.cronacaonline.it\/index.php\/wp-json\/wp\/v2\/media\/131338"}],"wp:attachment":[{"href":"https:\/\/www.cronacaonline.it\/index.php\/wp-json\/wp\/v2\/media?parent=132623"}],"wp:term":[{"taxonomy":"category","embeddable":true,"href":"https:\/\/www.cronacaonline.it\/index.php\/wp-json\/wp\/v2\/categories?post=132623"},{"taxonomy":"post_tag","embeddable":true,"href":"https:\/\/www.cronacaonline.it\/index.php\/wp-json\/wp\/v2\/tags?post=132623"}],"curies":[{"name":"wp","href":"https:\/\/api.w.org\/{rel}","templated":true}]}}