{"id":132581,"date":"2016-09-23T15:28:37","date_gmt":"2016-09-23T13:28:37","guid":{"rendered":"http:\/\/www.cronacaonline.it\/public\/content\/?p=132581"},"modified":"2016-09-23T15:28:37","modified_gmt":"2016-09-23T13:28:37","slug":"dichiarazione-del-consigliere-regionale-pd-pietro-cocco-su-nomina-super-manager-della-sanita-sarda-il-prof-moirano-ottima-scelta","status":"publish","type":"post","link":"https:\/\/www.cronacaonline.it\/index.php\/2016\/09\/23\/dichiarazione-del-consigliere-regionale-pd-pietro-cocco-su-nomina-super-manager-della-sanita-sarda-il-prof-moirano-ottima-scelta\/","title":{"rendered":"Dichiarazione del consigliere regionale Pd Pietro Cocco su nomina super manager della sanit\u00e0 Sarda: \u201cIl Prof. Moirano: \u201cOttima scelta.\u201d"},"content":{"rendered":"<p>Cagliari, 23 Sett 2016 - Il Capogruppo del Partito Democratico Pietro Cocco, con una nota esprime soddisfazione per la designazione di alto profilo fatta dal Presidente Pigliaru e dall\u2019Assessore Arru sul manager chiamato a guidare la Sanit\u00e0 in Sardegna.<\/p>\n<p>\u201cSono certo che Il prof. Moirano, di cui sono note le capacit\u00e0, la competenza e la professionalit\u00e0 in materia \u00e8 la persona giusta per affrontare e risolvere le emergenze, ridurre i costi della Sanit\u00e0 e migliorare i servizi per tutti i cittadini della nostra isola.<\/p>\n<p>Le dichiarazioni degli esponenti di centrodestra sono inammissibili, ancor pi\u00f9 incredibili se si pensa al disastro che i loro manager hanno lasciato in eredit\u00e0, a dimostrazione del fatto che non conta dove sei nato ma lavorare per il bene dei Sardi.\u201d<\/p>\n","protected":false},"excerpt":{"rendered":"<p>Cagliari, 23 Sett 2016 &#8211; Il Capogruppo del Partito Democratico Pietro Cocco, con una nota esprime soddisfazione per la designazione di alto profilo fatta dal&#8230;<\/p>\n","protected":false},"author":2,"featured_media":72484,"comment_status":"closed","ping_status":"closed","sticky":false,"template":"","format":"standard","meta":[],"categories":[49,52],"tags":[],"_links":{"self":[{"href":"https:\/\/www.cronacaonline.it\/index.php\/wp-json\/wp\/v2\/posts\/132581"}],"collection":[{"href":"https:\/\/www.cronacaonline.it\/index.php\/wp-json\/wp\/v2\/posts"}],"about":[{"href":"https:\/\/www.cronacaonline.it\/index.php\/wp-json\/wp\/v2\/types\/post"}],"author":[{"embeddable":true,"href":"https:\/\/www.cronacaonline.it\/index.php\/wp-json\/wp\/v2\/users\/2"}],"replies":[{"embeddable":true,"href":"https:\/\/www.cronacaonline.it\/index.php\/wp-json\/wp\/v2\/comments?post=132581"}],"version-history":[{"count":0,"href":"https:\/\/www.cronacaonline.it\/index.php\/wp-json\/wp\/v2\/posts\/132581\/revisions"}],"wp:featuredmedia":[{"embeddable":true,"href":"https:\/\/www.cronacaonline.it\/index.php\/wp-json\/"}],"wp:attachment":[{"href":"https:\/\/www.cronacaonline.it\/index.php\/wp-json\/wp\/v2\/media?parent=132581"}],"wp:term":[{"taxonomy":"category","embeddable":true,"href":"https:\/\/www.cronacaonline.it\/index.php\/wp-json\/wp\/v2\/categories?post=132581"},{"taxonomy":"post_tag","embeddable":true,"href":"https:\/\/www.cronacaonline.it\/index.php\/wp-json\/wp\/v2\/tags?post=132581"}],"curies":[{"name":"wp","href":"https:\/\/api.w.org\/{rel}","templated":true}]}}