{"id":132547,"date":"2016-09-23T11:18:46","date_gmt":"2016-09-23T09:18:46","guid":{"rendered":"http:\/\/www.cronacaonline.it\/public\/content\/?p=132547"},"modified":"2016-09-23T11:18:46","modified_gmt":"2016-09-23T09:18:46","slug":"consiglio-comunale-di-cagliari-convocato-martedi-27-settembre-alle-1730-le-interrogazioni-e-alle-ore-18-riunione-dellaula","status":"publish","type":"post","link":"https:\/\/www.cronacaonline.it\/index.php\/2016\/09\/23\/consiglio-comunale-di-cagliari-convocato-martedi-27-settembre-alle-1730-le-interrogazioni-e-alle-ore-18-riunione-dellaula\/","title":{"rendered":"Consiglio comunale di Cagliari convocato marted\u00ec 27 settembre: alle 17,30 le interrogazioni e alle ore 18 riunione dell\u2019Aula."},"content":{"rendered":"<p>Cagliari, 23 Sett 2016 - Il Consiglio comunale \u00e8 convocato marted\u00ec 27 settembre 2016. Tra i quindici punti all'ordine del giorno, \u00e8 prevista anche la trattazione della proposta di deliberazione riguardante la variante urbanistica al PUC (Piano Urbanistico Comunale) per la realizzazione di infrastrutture atte a ridurre il rischio idraulico dell'area interessata dai lavori di messa di eliminazione delle intersezioni a raso della Strada Statale 554.<\/p>\n<p>Il presidente del Consiglio comunale, Guido Portoghese, ha convocato l\u2019Assemblea di Palazzo Bacaredda per le ore 18. Dalle 17,30 il sindaco e gli assessori, ciascuno per la delega di competenza, risponderanno alle interrogazioni dei consiglieri.<\/p>\n","protected":false},"excerpt":{"rendered":"<p>Cagliari, 23 Sett 2016 &#8211; Il Consiglio comunale \u00e8 convocato marted\u00ec 27 settembre 2016. Tra i quindici punti all&#8217;ordine del giorno, \u00e8 prevista anche la&#8230;<\/p>\n","protected":false},"author":2,"featured_media":132549,"comment_status":"closed","ping_status":"closed","sticky":false,"template":"","format":"standard","meta":[],"categories":[49,52],"tags":[],"_links":{"self":[{"href":"https:\/\/www.cronacaonline.it\/index.php\/wp-json\/wp\/v2\/posts\/132547"}],"collection":[{"href":"https:\/\/www.cronacaonline.it\/index.php\/wp-json\/wp\/v2\/posts"}],"about":[{"href":"https:\/\/www.cronacaonline.it\/index.php\/wp-json\/wp\/v2\/types\/post"}],"author":[{"embeddable":true,"href":"https:\/\/www.cronacaonline.it\/index.php\/wp-json\/wp\/v2\/users\/2"}],"replies":[{"embeddable":true,"href":"https:\/\/www.cronacaonline.it\/index.php\/wp-json\/wp\/v2\/comments?post=132547"}],"version-history":[{"count":0,"href":"https:\/\/www.cronacaonline.it\/index.php\/wp-json\/wp\/v2\/posts\/132547\/revisions"}],"wp:featuredmedia":[{"embeddable":true,"href":"https:\/\/www.cronacaonline.it\/index.php\/wp-json\/wp\/v2\/media\/132549"}],"wp:attachment":[{"href":"https:\/\/www.cronacaonline.it\/index.php\/wp-json\/wp\/v2\/media?parent=132547"}],"wp:term":[{"taxonomy":"category","embeddable":true,"href":"https:\/\/www.cronacaonline.it\/index.php\/wp-json\/wp\/v2\/categories?post=132547"},{"taxonomy":"post_tag","embeddable":true,"href":"https:\/\/www.cronacaonline.it\/index.php\/wp-json\/wp\/v2\/tags?post=132547"}],"curies":[{"name":"wp","href":"https:\/\/api.w.org\/{rel}","templated":true}]}}