{"id":132537,"date":"2016-09-23T08:19:15","date_gmt":"2016-09-23T06:19:15","guid":{"rendered":"http:\/\/www.cronacaonline.it\/public\/content\/?p=132537"},"modified":"2016-09-23T08:19:15","modified_gmt":"2016-09-23T06:19:15","slug":"olimpiadi-a-roma-renzi-la-vicenda-e-chiusa","status":"publish","type":"post","link":"https:\/\/www.cronacaonline.it\/index.php\/2016\/09\/23\/olimpiadi-a-roma-renzi-la-vicenda-e-chiusa\/","title":{"rendered":"Olimpiadi a Roma Renzi: La vicenda \u00e8 chiusa"},"content":{"rendered":"<p>Roma, 23 Sett 2016 - Dopo il \"no\" della sindaca Virginia Raggi, Matteo Renzi mette una pietra sopra la candidatura di Roma ai Giochi del 2024. Il discorso Olimpiadi \u00e8 chiuso? \"Credo proprio di s\u00ec. Dipender\u00e0 formalmente dal Consiglio comunale, ma se il sindaco ha deciso di dire no penser\u00e0 di avere la sua maggioranza con lei. Se il Consiglio comunale voter\u00e0 la mozione nessuno intende fare le Olimpiadi contro l'amministrazione comunale\", dice il presidente del Consiglio a \"Otto e mezzo\" su La7.<\/p>\n<p>Ma la titolarit\u00e0 \u00e8 sua \"In campagna elettorale se non sbaglio Virginia Raggi si era impegnata a fare un referendum ma la titolarit\u00e0 della decisione \u00e8 sua, del sindaco e del consiglio comunale. Rispetto e in bocca al lupo\", spiega Renzi.<\/p>\n<p>\"Quello che \u00e8 impressionante \u00e8 l'idea che non si facciano le cose perch\u00e9 c'\u00e8 il rischio che si rubi. I grillini avevano otto anni per dimostrare che si possono fare le grandi opere evitando i furti. \u00c8 come se questi avessero detto: non\u00a0siamo in grado di cambiare le cose.\u00a0Comunque, rispetto, in bocca al lupo e avanti''.<\/p>\n<p>\"Io - ribadisce Renzi - faccio il tifo per l'Italia, a differenza di\u00a0Travaglio penso fosse una grandissima opportunit\u00e0 per la citt\u00e0 di\u00a0Roma. Ho visto Barcellona e Londra trasformate, una buona\u00a0amministrazione non fa l'elenco dei costi delle altre\u00a0amministrazioni, prende e cambia le cose. Ieri hanno festeggiato\u00a0Los Angeles e Parigi e hanno pianto gli sportivi e quelli che\u00a0potevano avere un ritorno nelle loro citt\u00e0. Detto questo rispetto\u00a0per il sindaco, se dice no andiamo avanti e parliamo di altro\".<\/p>\n<p>Intanto il Campidoglio fa sapere che, se citato per danno erariale, \u00e8 pronto ad azioni legali a sua volta. Sui soldi gi\u00e0 spesi, il presidente del Coni Malag\u00f2 spiega che 'tutte le spese sono online, tutti i soldi sono quelli previsti dalla legge 'Sport e Periferie''. Ora il Comune si prepara a chiudere la partita: prima una mozione in aula, poi una lettera della sindaca Raggi al Cio per esplicitare il no ai Giochi. I due protagonisti si incrociano a cerimonia per gli Europei del 2020 a Roma, baciamano di Malag\u00f2 a Raggi. La sindaca: 'Orgogliosi di ospitare Euro 2020'. Ma Di Battista attacca: \"\u00c8 un coatto\". \"La mia vita e il mio stile dicono altro\", \u00e8 la replica.<\/p>\n","protected":false},"excerpt":{"rendered":"<p>Roma, 23 Sett 2016 &#8211; Dopo il &#8220;no&#8221; della sindaca Virginia Raggi, Matteo Renzi mette una pietra sopra la candidatura di Roma ai Giochi del&#8230;<\/p>\n","protected":false},"author":2,"featured_media":132538,"comment_status":"closed","ping_status":"closed","sticky":false,"template":"","format":"standard","meta":[],"categories":[49,50],"tags":[],"_links":{"self":[{"href":"https:\/\/www.cronacaonline.it\/index.php\/wp-json\/wp\/v2\/posts\/132537"}],"collection":[{"href":"https:\/\/www.cronacaonline.it\/index.php\/wp-json\/wp\/v2\/posts"}],"about":[{"href":"https:\/\/www.cronacaonline.it\/index.php\/wp-json\/wp\/v2\/types\/post"}],"author":[{"embeddable":true,"href":"https:\/\/www.cronacaonline.it\/index.php\/wp-json\/wp\/v2\/users\/2"}],"replies":[{"embeddable":true,"href":"https:\/\/www.cronacaonline.it\/index.php\/wp-json\/wp\/v2\/comments?post=132537"}],"version-history":[{"count":0,"href":"https:\/\/www.cronacaonline.it\/index.php\/wp-json\/wp\/v2\/posts\/132537\/revisions"}],"wp:featuredmedia":[{"embeddable":true,"href":"https:\/\/www.cronacaonline.it\/index.php\/wp-json\/wp\/v2\/media\/132538"}],"wp:attachment":[{"href":"https:\/\/www.cronacaonline.it\/index.php\/wp-json\/wp\/v2\/media?parent=132537"}],"wp:term":[{"taxonomy":"category","embeddable":true,"href":"https:\/\/www.cronacaonline.it\/index.php\/wp-json\/wp\/v2\/categories?post=132537"},{"taxonomy":"post_tag","embeddable":true,"href":"https:\/\/www.cronacaonline.it\/index.php\/wp-json\/wp\/v2\/tags?post=132537"}],"curies":[{"name":"wp","href":"https:\/\/api.w.org\/{rel}","templated":true}]}}