{"id":132529,"date":"2016-09-22T19:13:54","date_gmt":"2016-09-22T17:13:54","guid":{"rendered":"http:\/\/www.cronacaonline.it\/public\/content\/?p=132529"},"modified":"2016-09-22T19:13:54","modified_gmt":"2016-09-22T17:13:54","slug":"agricoltura-sostenibile-falchi-al-convegno-sia-di-sassari-innovazione-sfida-che-la-sardegna-puo-vincere","status":"publish","type":"post","link":"https:\/\/www.cronacaonline.it\/index.php\/2016\/09\/22\/agricoltura-sostenibile-falchi-al-convegno-sia-di-sassari-innovazione-sfida-che-la-sardegna-puo-vincere\/","title":{"rendered":"Agricoltura sostenibile, falchi al convegno sia di Sassari: innovazione sfida che la Sardegna pu\u00f2 vincere"},"content":{"rendered":"<p>Sassari, 22 Sett 2016 -\u00a0\u201cNon c\u2019\u00e8 qualit\u00e0 se non c\u2019\u00e8 innovazione e riteniamo che un\u2019agricoltura in chiave moderna e pi\u00f9 avanzata sia una delle sfide che possono essere vinte dalla Sardegna\u201d. Lo ha detto stamattina l\u2019assessore dell\u2019Agricoltura Elisabetta Falchi nel suo intervento al 48mo convegno della Societ\u00e0 italiana di Agronomia, conclusosi a Sassari dopo tre giorni di lavori.<\/p>\n<p>Innovazione per competere ad armi pari.\u00a0\u201cNel mercato globalizzato, in cui i prezzi sono condizionati dall\u2019estensione planetaria degli scambi, grazie a ricerca e innovazione la nostra agricoltura pu\u00f2 riuscire ad abbassare i costi di produzione e aumentare la produttivit\u00e0, per arrivare a competere ad armi pari con le altre produzioni. E lo pu\u00f2 fare mantenendo le nostre parole d\u2019ordine: qualit\u00e0 dei prodotti, redditivit\u00e0 per i produttori, sostenibilit\u00e0\u201d, ha detto ancora l\u2019esponente della Giunta.<\/p>\n<p>L\u2019impegno della Regione.\u00a0\u201cAlcuni settori dell\u2019agricoltura sarda sono gi\u00e0 evoluti, altri sono indietro e la Regione si sta impegnando perch\u00e9 riescano a imboccare la strada dell\u2019innovazione che porta a risultati sicuri. Intendiamo farlo grazie ai fondi del Programma di sviluppo rurale 2014\/2020, per spingere l\u2019agricoltura biologica e integrata e introdurre sempre pi\u00f9 tecniche agronomiche innovative ed ecosostenibili \u2013 ha affermato Falchi -. In particolare, con la misura 16 incentiveremo proprio la materia specifica dei progetti innovativi di ricerca\u201d.<\/p>\n<p>Occasioni di arricchimento reciproco. Infine l\u2019assessore dell\u2019Agricoltura ha detto: \u201cSiamo stati onorati di ospitare un incontro di questo livello, che \u00e8 tornato in Sardegna dopo tanti anni: nel Dipartimento di agraria dell\u2019Universit\u00e0 di Sassari, che \u00e8 al centro di una rete internazionale di ricerca scientifica, agronomi italiani e stranieri si sono confrontati sul tema della sostenibilit\u00e0 e tecniche agronomiche all\u2019avanguardia. L\u2019agricoltura \u00e8 un settore strategico nel nostro programma di governo e occasioni come questa sono importantissime: prima di tutto come opportunit\u00e0 di confronto tra le grandi professionalit\u00e0 che lavorano nelle nostre agenzie agricole e quelle delle altre realt\u00e0 nazionali e internazionali. Fondamentale \u00e8 anche creare momenti di arricchimento reciproco, per intrecciare reti di rapporti con le esperienze portate avanti in altri paesi, acquisire le loro innovazioni, trasferire le nostre e avviare progetti comuni\u201d.<\/p>\n","protected":false},"excerpt":{"rendered":"<p>Sassari, 22 Sett 2016 &#8211;\u00a0\u201cNon c\u2019\u00e8 qualit\u00e0 se non c\u2019\u00e8 innovazione e riteniamo che un\u2019agricoltura in chiave moderna e pi\u00f9 avanzata sia una delle sfide&#8230;<\/p>\n","protected":false},"author":2,"featured_media":28940,"comment_status":"closed","ping_status":"closed","sticky":false,"template":"","format":"standard","meta":[],"categories":[49,52],"tags":[],"_links":{"self":[{"href":"https:\/\/www.cronacaonline.it\/index.php\/wp-json\/wp\/v2\/posts\/132529"}],"collection":[{"href":"https:\/\/www.cronacaonline.it\/index.php\/wp-json\/wp\/v2\/posts"}],"about":[{"href":"https:\/\/www.cronacaonline.it\/index.php\/wp-json\/wp\/v2\/types\/post"}],"author":[{"embeddable":true,"href":"https:\/\/www.cronacaonline.it\/index.php\/wp-json\/wp\/v2\/users\/2"}],"replies":[{"embeddable":true,"href":"https:\/\/www.cronacaonline.it\/index.php\/wp-json\/wp\/v2\/comments?post=132529"}],"version-history":[{"count":0,"href":"https:\/\/www.cronacaonline.it\/index.php\/wp-json\/wp\/v2\/posts\/132529\/revisions"}],"wp:featuredmedia":[{"embeddable":true,"href":"https:\/\/www.cronacaonline.it\/index.php\/wp-json\/"}],"wp:attachment":[{"href":"https:\/\/www.cronacaonline.it\/index.php\/wp-json\/wp\/v2\/media?parent=132529"}],"wp:term":[{"taxonomy":"category","embeddable":true,"href":"https:\/\/www.cronacaonline.it\/index.php\/wp-json\/wp\/v2\/categories?post=132529"},{"taxonomy":"post_tag","embeddable":true,"href":"https:\/\/www.cronacaonline.it\/index.php\/wp-json\/wp\/v2\/tags?post=132529"}],"curies":[{"name":"wp","href":"https:\/\/api.w.org\/{rel}","templated":true}]}}