{"id":132515,"date":"2016-09-22T14:33:39","date_gmt":"2016-09-22T12:33:39","guid":{"rendered":"http:\/\/www.cronacaonline.it\/public\/content\/?p=132515"},"modified":"2016-09-22T14:33:39","modified_gmt":"2016-09-22T12:33:39","slug":"open-data-regione-al-via-corso-di-formazione-assessore-demuro-fondamentale-migliorare-competenze-sui-dati-aperti","status":"publish","type":"post","link":"https:\/\/www.cronacaonline.it\/index.php\/2016\/09\/22\/open-data-regione-al-via-corso-di-formazione-assessore-demuro-fondamentale-migliorare-competenze-sui-dati-aperti\/","title":{"rendered":"Open data regione, al via corso di formazione: Assessore Demuro, \u201cfondamentale migliorare competenze sui dati aperti\u201d"},"content":{"rendered":"<p>Cagliari, 22 Sett 2016.\u00a0\u201cLa diffusione degli open data fa crescere il livello di trasparenza e di condivisione delle conoscenze. Ma \u00e8 fondamentale, all'interno dell'amministrazione, affinare le competenze che riguardano il processo di apertura dei dati pubblici regionali\u201d.<\/p>\n<p>Lo ha detto l'assessore degli Affari Generali Gianmario Demuro nell'intervento che ha inaugurato, a Cagliari, nella sede del Centro di formazione professionale, il corso sui \u201cdati aperti\u201d curato dal Formez e rivolto ai dipendenti regionali.<\/p>\n<p>Il progetto formativo, che era stato presentato dal presidente della Giunta Francesco Pigliaru e dall'assessore Demuro, nel corso di un seminario, lo scorso 27 giugno, viene attuato con l'intento di trasferire conoscenze e competenze di base utili ad aumentare la diffusione della cultura e della pratica dell'open data nella pubblica amministrazione.<\/p>\n<p>I destinatari del corso sono i dirigenti e i funzionari dell'amministrazione, degli enti e delle agenzie regionali. I partecipanti vengono affiancati da tutor che forniscono un supporto tecnico per l'utilizzo degli strumenti informatici. Il piano formativo, della durata di 20 ore, si svolge interamente on line nell'arco di 5 settimane.<\/p>\n<p>L'attivit\u00e0 si sviluppa in 4 moduli: cosa sono gli open data, perch\u00e9 aprire i dati, come pubblicare i dati aperti e come organizzare l'apertura dei dati.<\/p>\n<p>\u201cPer la Giunta- ha chiarito Demuro - il patrimonio degli open data ha un'importanza fondamentale e per questo \u00e8 necessario realizzare attivit\u00e0 formative per migliorare il pi\u00f9 possibile il processo di apertura e di condivisione dei dati tenendo conto delle Linee Guida Open Data approvata dall'esecutivo il 25 novembre dello scorso anno\u201d.<\/p>\n<p>L'assessore degli Affari Generali ha inoltre annunciato l'ormai imminente avvio di un altro progetto formativo previsto nella Convenzione che la Regione ha sottoscritto con il Formez il 25 marzo del 2015.<\/p>\n<p>Nei prossimi giorni, infatti, avr\u00e0 inizio il progetto e-leadership che riguarda la capacit\u00e0 di utilizzare al meglio le tecnologie digitali all'interno della pubblica amministrazione.<\/p>\n","protected":false},"excerpt":{"rendered":"<p>Cagliari, 22 Sett 2016.\u00a0\u201cLa diffusione degli open data fa crescere il livello di trasparenza e di condivisione delle conoscenze. Ma \u00e8 fondamentale, all&#8217;interno dell&#8217;amministrazione, affinare&#8230;<\/p>\n","protected":false},"author":2,"featured_media":132516,"comment_status":"closed","ping_status":"closed","sticky":false,"template":"","format":"standard","meta":[],"categories":[49,52],"tags":[],"_links":{"self":[{"href":"https:\/\/www.cronacaonline.it\/index.php\/wp-json\/wp\/v2\/posts\/132515"}],"collection":[{"href":"https:\/\/www.cronacaonline.it\/index.php\/wp-json\/wp\/v2\/posts"}],"about":[{"href":"https:\/\/www.cronacaonline.it\/index.php\/wp-json\/wp\/v2\/types\/post"}],"author":[{"embeddable":true,"href":"https:\/\/www.cronacaonline.it\/index.php\/wp-json\/wp\/v2\/users\/2"}],"replies":[{"embeddable":true,"href":"https:\/\/www.cronacaonline.it\/index.php\/wp-json\/wp\/v2\/comments?post=132515"}],"version-history":[{"count":0,"href":"https:\/\/www.cronacaonline.it\/index.php\/wp-json\/wp\/v2\/posts\/132515\/revisions"}],"wp:featuredmedia":[{"embeddable":true,"href":"https:\/\/www.cronacaonline.it\/index.php\/wp-json\/wp\/v2\/media\/132516"}],"wp:attachment":[{"href":"https:\/\/www.cronacaonline.it\/index.php\/wp-json\/wp\/v2\/media?parent=132515"}],"wp:term":[{"taxonomy":"category","embeddable":true,"href":"https:\/\/www.cronacaonline.it\/index.php\/wp-json\/wp\/v2\/categories?post=132515"},{"taxonomy":"post_tag","embeddable":true,"href":"https:\/\/www.cronacaonline.it\/index.php\/wp-json\/wp\/v2\/tags?post=132515"}],"curies":[{"name":"wp","href":"https:\/\/api.w.org\/{rel}","templated":true}]}}