{"id":132292,"date":"2016-09-17T16:07:18","date_gmt":"2016-09-17T14:07:18","guid":{"rendered":"http:\/\/www.cronacaonline.it\/public\/content\/?p=132292"},"modified":"2016-09-17T16:07:18","modified_gmt":"2016-09-17T14:07:18","slug":"vertice-ue-di-bratislava-immigrazione-crescita-ceravamo-tanto-amati-renzi-rompe-con-merkel-e-hollande","status":"publish","type":"post","link":"https:\/\/www.cronacaonline.it\/index.php\/2016\/09\/17\/vertice-ue-di-bratislava-immigrazione-crescita-ceravamo-tanto-amati-renzi-rompe-con-merkel-e-hollande\/","title":{"rendered":"Vertice UE di Bratislava \u2013 Immigrazione crescita, c\u2019eravamo tanto amati: Renzi rompe con Merkel e Hollande"},"content":{"rendered":"<p>Bratislava, 17 Sett 2016 - \"Non sono soddisfatto delle conclusioni\" del vertice \"su crescita e immigrazione\". Per questo \"non posso fare una conferenza stampa con Merkel e Hollande\", che invece le condividono. \"Non devo fare una recita a copione per far vedere che siamo tutti uniti\". Matteo Renzi non fa nulla per nascondere la sua delusione al termine del primo vertice europeo senza la Gran Bretagna che avrebbe dovuto ricompattare l'Europa.\u00a0\"Va bene l'attenzione alle regole, e noi le rispettiamo, ma possiamo dire che queste non funzionano\u00a0e lavorare per cambiarle. Noi non possiamo fare la foglia di\u00a0fico ai problemi degli altri: io non sono fico e non sono\u00a0foglia; noi non vogliamo far finta di nulla. L'Italia vuole pi\u00f9\u00a0Europa, ma vuole Europa diversa e su questo si fa sentire\". E mentre al piano terra del centro congressi di Bratislava la cancelliera tedesca e il presidente francese in conferenza stampa congiunta rimettono in piedi il vecchio schema franco-tedesco e assicurano che lo spirito del summit \u00e8 \"la collaborazione\", lui spara a zero sull'ennesima occasione mancata per l'Europa. E assicura che se non cambieranno le politiche sull'economia e l'immigrazione l'Ue \"rischia molto\".<\/p>\n<p>Il vertice a Bratislava, dice, \"non \u00e8 stato tempo perso. Ma definire il documento sui migranti di oggi un passo avanti richiede della fantasia\" degna dei \"funamboli da vocabolario. Si sono ridette le solite cose e io gliel'ho detto molto chiaramente: 'Non \u00e8 che potete pensare che con l'accordo con la Turchia avete risolto tutti i vostri problemi' \". E va oltre. O \"l'Ue fa accordi con i Paesi africani o li facciamo da soli\", perch\u00e9 \u00e8 ovvio che \"l'unica cosa che fa la guardia costiera\" europea non pu\u00f2 essere \"portare i migranti in Sicilia\". Ora, \"vogliamo vedere i fatti\". Stessa schiettezza sulla crescita: l'austerity, propugnata in primis dalla Germania di Angela Merkel, \"non ha funzionato\", bisogna cambiare politica, serve \"una chiara strategia di crescita\".<\/p>\n<p>Poi un ulteriore avvertimento: il fiscal compact \u00e8 in scadenza, dopo 5 anni \"si deve decidere cosa fare, se ha un futuro o no\". E come la pensa l'Italia \u00e8 piuttosto chiaro. Cos\u00ec come \u00e8 chiaro il divario con Francia e Germania. \"Definire il direttorio a tre la soluzione dei nostri problemi \u00e8 stata valutazione fatta da alcuni che non ho mai condiviso\", si smarca Renzi. E con un occhio anche al referendum assicura \"ai cittadini italiani\" che le rigidit\u00e0 europee non impediranno al governo di continuare ad abbassare le tasse, cos\u00ec come di mettere in sicurezza le scuole italiane. \"Se l'Europa deve riavvicinarsi ai cittadini non pu\u00f2 essere quel soggetto che mi impedisce di intervenire in edilizia scolastica\", commenta. E ricorda che tra le regole che in Europa devono essere rispettate non c'\u00e8 solo il deficit, ma anche il \"surplus commerciale. E ci sono alcuni Paesi che non le rispettano, il principale \u00e8 la Germania\". Al piano terra nel frattempo si sta svolgendo tutto un altro film. Merkel e Hollande rinsaldano - anche plasticamente, con una conferenza stampa a due che non avveniva dal 2011, quando accanto alla Merkel c'era Sarkozy e i due risero parlando di Berlusconi - l'antico asse. Dicono che la loro apparizione \u00e8 il simbolo dell'impegno franco-tedesco. Che l'Europa deve tornare ad essere \"portatrice di speranza\", che la collaborazione \u00e8 totale. La speranza per\u00f2 non l'ha persa neppure Renzi. In un tweet a fine giornata dice che l'Europa \u00e8 a rischio. Ma in conferenza stampa avverte pure che il tempo non \u00e8 ancora scaduto, ci sono ancora sei mesi. E non vanno sciupati. \"Si \u00e8 convenuto che l'orizzonte che ci porta da qui fino all'appuntamento di Roma, a marzo 2017, \u00e8 ufficialmente il momento chiave\", ma deve essere \"un percorso che dovr\u00e0 caratterizzarsi su alcune scelte chiare, altrimenti non saremo in grado di dare risposte all'altezza del messaggio e della sfida arrivati con la Brexit\".<\/p>\n","protected":false},"excerpt":{"rendered":"<p>Bratislava, 17 Sett 2016 &#8211; &#8220;Non sono soddisfatto delle conclusioni&#8221; del vertice &#8220;su crescita e immigrazione&#8221;. Per questo &#8220;non posso fare una conferenza stampa con&#8230;<\/p>\n","protected":false},"author":2,"featured_media":132293,"comment_status":"closed","ping_status":"closed","sticky":false,"template":"","format":"standard","meta":[],"categories":[49,50],"tags":[],"_links":{"self":[{"href":"https:\/\/www.cronacaonline.it\/index.php\/wp-json\/wp\/v2\/posts\/132292"}],"collection":[{"href":"https:\/\/www.cronacaonline.it\/index.php\/wp-json\/wp\/v2\/posts"}],"about":[{"href":"https:\/\/www.cronacaonline.it\/index.php\/wp-json\/wp\/v2\/types\/post"}],"author":[{"embeddable":true,"href":"https:\/\/www.cronacaonline.it\/index.php\/wp-json\/wp\/v2\/users\/2"}],"replies":[{"embeddable":true,"href":"https:\/\/www.cronacaonline.it\/index.php\/wp-json\/wp\/v2\/comments?post=132292"}],"version-history":[{"count":0,"href":"https:\/\/www.cronacaonline.it\/index.php\/wp-json\/wp\/v2\/posts\/132292\/revisions"}],"wp:featuredmedia":[{"embeddable":true,"href":"https:\/\/www.cronacaonline.it\/index.php\/wp-json\/wp\/v2\/media\/132293"}],"wp:attachment":[{"href":"https:\/\/www.cronacaonline.it\/index.php\/wp-json\/wp\/v2\/media?parent=132292"}],"wp:term":[{"taxonomy":"category","embeddable":true,"href":"https:\/\/www.cronacaonline.it\/index.php\/wp-json\/wp\/v2\/categories?post=132292"},{"taxonomy":"post_tag","embeddable":true,"href":"https:\/\/www.cronacaonline.it\/index.php\/wp-json\/wp\/v2\/tags?post=132292"}],"curies":[{"name":"wp","href":"https:\/\/api.w.org\/{rel}","templated":true}]}}