{"id":132251,"date":"2016-09-16T15:20:52","date_gmt":"2016-09-16T13:20:52","guid":{"rendered":"http:\/\/www.cronacaonline.it\/public\/content\/?p=132251"},"modified":"2016-09-16T15:20:52","modified_gmt":"2016-09-16T13:20:52","slug":"morto-carlo-azeglio-ciampi-da-bankitalia-al-quirinale-passando-per-palazzo-chigi","status":"publish","type":"post","link":"https:\/\/www.cronacaonline.it\/index.php\/2016\/09\/16\/morto-carlo-azeglio-ciampi-da-bankitalia-al-quirinale-passando-per-palazzo-chigi\/","title":{"rendered":"Morto Carlo Azeglio Ciampi, da Bankitalia al quirinale passando per Palazzo Chigi"},"content":{"rendered":"<p>Roma, 16 Sett 2016 - \u00c8 morto in una clinica romana il\u00a0presidente emerito della Repubblica Carlo Azeglio Ciampi. Avrebbe\u00a0compiuto 96 anni il prossimo 9 dicembre.\u00a0\u00a0Era ricoverato da alcuni giorni nella\u00a0Clinica Pio XI di Roma\u00a0dopo un peggioramento delle sue condizioni di\u00a0salute. Lo conferma il professore Andrea Platania, primario\u00a0Medicina interna, che lo aveva in cura.<\/p>\n<p>\"Sono con la famiglia - ha affermato Platania - che in questo\u00a0momento chiede riservatezza\". Con ogni probabilit\u00e0, per\u00a0desiderio suo e della famiglia non ci saranno funerali di Stato.<\/p>\n<p>Sar\u00e0 allestita al Senato una camera ardente\u00a0aperta al pubblico domani alle 15, come prevede il cerimoniale per i senatori a\u00a0vita come Ciampi.<\/p>\n<p>Ciampi era nato a Livorno il 9 dicembre\u00a01920. Ha conseguito\u00a0la laurea in lettere\u00a0nel\u00a01941, alla\u00a0Scuola normale superiore di Pisa, dove aveva conosciuto anche\u00a0Franca Pilla, sua futura moglie.\u00a0Durante la Resistenza, quando \u00e8 stato siglato l'armistizio dell'8 settembre 1943, Ciampi ha rifiutato di aderire alla\u00a0Repubblica sociale italiana\u00a0e si \u00e8 rifugiato a\u00a0Scanno, in Abruzzo.\u00a0Nel\u00a01946 ha sposa\u00a0Franca Pilla e ha preso la seconda laurea in\u00a0giurisprudenza\u00a0sempre a Pisa. Dopodich\u00e9 ha partecipato al concorso che lo ha fatto entrare come impiegato in\u00a0Banca d'Italia, dove rimarr\u00e0 per 47 dopo aver abbandonato l'insegnamento, che era, per sua stessa ammissione, la vera grande passione.\u00a0Nel\u00a01960 \u00e8 stato chiamato all'amministrazione centrale della Banca. Nel\u00a01973 diventa segretario generale, vicedirettore generale nel\u00a01976\u00a0e direttore generale nel1978.<\/p>\n<p>Nell'ottobre del\u00a01979\u00a0\u00e8 stato nominato Governatore della\u00a0Banca d\u2019Italia. Ha ricoperto l'incarico fino al\u00a01993, anno in cui \u00e8 diventato, fino al maggio 1994, presidente del Consiglio\u00a0di un\u00a0governo tecnico di transizione, il primo non parlamentare della storia della Repubblica. \u00c8 stato poi ministro del Tesoro nel primo governo Prodi e nel primo esecutivo D'Alema. In questo periodo, la sua opera \u00e8 stata caratterizzata dall'impegno per la riduzione del\u00a0debito pubblico\u00a0italiano in vista degli obblighi imposti dal\u00a0trattato di Maastricht, per garantire l'accesso dell'Italia alla\u00a0moneta unica europea. Ha anche avviato il processo di privatizzazione delle\u00a0Poste italiane.<\/p>\n<p>La sua candidatura al Quirinale \u00e8 stata avanzata da un vasto schieramento parlamentare avendo anche il benestare dell'opposizione di centrodestra, anche se Ciampi, che non era iscritto in alcun partito, era molto vicino all'Ulivo. Considerato come figura fondamentale per l'adozione dell'euro e come uno dei ministri pi\u00f9 popolari del governo ha goduto anche dell'appoggio del mondo economico e finanziario oltre che della stima dei dirigenti dell'Unione europea.\u00a0Il 13 maggio\u00a01999\u00a0viene eletto alla prima votazione, con una larga maggioranza, decimo Presidente della Repubblica.<\/p>\n<p>Ciampi \u00e8 stato un presidente che, come avvenuto con\u00a0Sandro Pertini, ha mantenuto sempre un alto indice di gradimento popolare nei sondaggi, rimanendo sempre, perci\u00f2, una delle figure nelle quali gli italiani riponevano la loro fiducia e rafforzando con la sua figura istituzionale lo stesso ruolo del Presidente della Repubblica. In un intervento al\u00a0Parlamento europeo\u00a0\u00e8 stato vivacemente contestato da alcuni europarlamentari della\u00a0Lega, fra cui\u00a0Mario Borghezio, scontenti per l'ingresso dell'Italia\u00a0nella moneta comune europea, l'Euro.\u00a0La consorte del Presidente, come raramente era accaduto in passato, \u00e8 stata spesso presente agli incontri che il marito ha avuto in\u00a0Italia\u00a0e all'estero. \"Donna Franca\", come \u00e8 stata ribattezzata, ha fatto alcune dichiarazioni \"fuori dal protocollo\": hanno fatto discutere le sue esternazioni riguardo alla \"TV deficiente\" o quelle sulla bont\u00e0 e l'affetto dei napoletani.<\/p>\n<p>Sul finire del suo settennato, da pi\u00f9 parti a Ciampi \u00e8 stato chiesto di rimanere Capo dello Stato per un secondo mandato ma, per ragioni anagrafiche e di opportunit\u00e0 istituzionale, l'ipotesi \u00e8 stata scartata con decisione dall'interessato. Ciampi si \u00e8 dimesso il 15 maggio\u00a02006, stesso giorno in cui il suo successore, Giorgio Napolitano, ha prestato giuramento. Da senatore a vita, il suo primo atto \u00e8 stato quello di votare la fiducia al\u00a0secondo governo Prodi. Ci\u00f2 ha provocato l'accesa reazione, manifestata durante la votazione con fischi e grida, di numerosi esponenti della\u00a0Casa delle Libert\u00e0.\u00a0Un mese dopo le sue dimissioni ha annunciato che avrebbe votato no al referendum confermativo sulle riforme istituzionali, motivando questa scelta in coerenza con il suo costante impegno a difesa della Costituzione: anche questa posizione fu criticata dal centrodestra. Ma restano le uniche polemiche di una carriera istituzionale contraddistinta da una vocazione infaticabile all'unit\u00e0.<\/p>\n<p>\"Carlo Azeglio Ciampi \u00e8 stata una straordinaria figura di italiano e di europeo. Nell'esprimere la sua personalit\u00e0 in sempre pi\u00f9 alte funzioni ed esperienze, ha operato ininterrottamente al servizio dello Stato e dell'interesse pubblico. Ha ridato forza all'idea e ai simboli della patria\". Cos\u00ec il presidente emerito della Repubblica, Giorgio Napolitano, in merito alla scomparsa di Carlo Azeglio Ciampi.\u00a0\"E nel sentimento comune degli italiani ha impersonato valori preziosi di probit\u00e0, integrit\u00e0 morale, talento operoso e multiforme cultura, dedizione alle cause pi\u00f9 nobili - prosegue Napolitano -. Lo ha nello stesso tempo circondato il pi\u00f9 grande rispetto e prestigio internazionale, innanzitutto come alfiere della costruzione di un'Europa integrata e unit\u00e0\".<\/p>\n<p>\"Personalmente abbiamo vissuto fasi di impegno condiviso, anche nel governo della Repubblica, prima della sua elezione a Capo dello Stato - ricorda -. Gli sono sempre rimasto grato per le lezioni da lui apprese, e per i segni di stima generosamente riservatimi. E un'autentica, affettuosa amicizia ha legato le nostre due famiglie.\u00a0In questo momento doloroso desidero rendere commosso omaggio alla sua lunga stoica resistenza ai mali che lo hanno via via assalito in oltre dieci anni, e alla fede nella vita che lo ha sempre ispirato e guidato nei momenti pi\u00f9 duri. Il mio abbraccio alla appassionata e instancabile compagna della sua vita, Franca, ai figli e ai famigliari tutti\", conclude Napolitano.<\/p>\n","protected":false},"excerpt":{"rendered":"<p>Roma, 16 Sett 2016 &#8211; \u00c8 morto in una clinica romana il\u00a0presidente emerito della Repubblica Carlo Azeglio Ciampi. Avrebbe\u00a0compiuto 96 anni il prossimo 9 dicembre.\u00a0\u00a0Era&#8230;<\/p>\n","protected":false},"author":2,"featured_media":132252,"comment_status":"closed","ping_status":"closed","sticky":false,"template":"","format":"standard","meta":[],"categories":[49,50],"tags":[],"_links":{"self":[{"href":"https:\/\/www.cronacaonline.it\/index.php\/wp-json\/wp\/v2\/posts\/132251"}],"collection":[{"href":"https:\/\/www.cronacaonline.it\/index.php\/wp-json\/wp\/v2\/posts"}],"about":[{"href":"https:\/\/www.cronacaonline.it\/index.php\/wp-json\/wp\/v2\/types\/post"}],"author":[{"embeddable":true,"href":"https:\/\/www.cronacaonline.it\/index.php\/wp-json\/wp\/v2\/users\/2"}],"replies":[{"embeddable":true,"href":"https:\/\/www.cronacaonline.it\/index.php\/wp-json\/wp\/v2\/comments?post=132251"}],"version-history":[{"count":0,"href":"https:\/\/www.cronacaonline.it\/index.php\/wp-json\/wp\/v2\/posts\/132251\/revisions"}],"wp:featuredmedia":[{"embeddable":true,"href":"https:\/\/www.cronacaonline.it\/index.php\/wp-json\/wp\/v2\/media\/132252"}],"wp:attachment":[{"href":"https:\/\/www.cronacaonline.it\/index.php\/wp-json\/wp\/v2\/media?parent=132251"}],"wp:term":[{"taxonomy":"category","embeddable":true,"href":"https:\/\/www.cronacaonline.it\/index.php\/wp-json\/wp\/v2\/categories?post=132251"},{"taxonomy":"post_tag","embeddable":true,"href":"https:\/\/www.cronacaonline.it\/index.php\/wp-json\/wp\/v2\/tags?post=132251"}],"curies":[{"name":"wp","href":"https:\/\/api.w.org\/{rel}","templated":true}]}}