{"id":132151,"date":"2016-09-14T11:33:13","date_gmt":"2016-09-14T09:33:13","guid":{"rendered":"http:\/\/www.cronacaonline.it\/public\/content\/?p=132151"},"modified":"2016-09-14T11:33:13","modified_gmt":"2016-09-14T09:33:13","slug":"juncker-e-il-patto-di-stabilita-non-diventi-patto-di-flessibilita","status":"publish","type":"post","link":"https:\/\/www.cronacaonline.it\/index.php\/2016\/09\/14\/juncker-e-il-patto-di-stabilita-non-diventi-patto-di-flessibilita\/","title":{"rendered":"Juncker e il patto di stabilit\u00e0: &#8220;non diventi patto di flessibilit\u00e0&#8221;"},"content":{"rendered":"<p><strong>Bruxelles, 14 Sett 2016 - <\/strong>\"Il patto di stabilit\u00e0 non deve diventare un patto di flessibilit\u00e0, ma deve essere applicato con flessibilit\u00e0 intelligente per non ostacolare, non bloccare la crescita dell'economia\". Cos\u00ec, in apertura del suo secondo discorso sullo Stato dell'Unione il presidente della Commissione europea Jean Claude Juncker. Juncker ha aggiunto che se \u00e8 vero che il livello del deficit dal 2009 \u00e8 sceso dal 6,3% medio all'1,9%, \"i debiti continuano a essere troppo alti\".<\/p>\n<p>L'Europa sta vivendo ancora una 'crisi esistenziale', i\u00a0cittadini dell'Unione sono stufi della 'poca coerenza' dei loro\u00a0governi, poco europeisti nei parlamenti nazionali\".\u00a0Juncker ha rilevato\u00a0che l'Europa non \u00e8 abbastanza\u00a0sociale, e questo deve cambiare.<\/p>\n<p>\"Il populismo non risolve i problemi, ma\u00a0li crea\", pertanto \"dobbiamo proteggerci\" dalle sirene che ventilano\u00a0soluzioni facili a questioni complesse\". Ha affermato il presidente della\u00a0Commissione Europea.<\/p>\n<p>Il piano di investimenti ha\u00a0generato 150 miliardi nello scorso anno, ma \"dobbiamo fare di\u00a0pi\u00f9\" e quindi \"propongo di raddoppiare la durata e la capacit\u00e0\u00a0finanziaria\" dell'Efsi affinch\u00e9 \"fornisca almeno 500 miliardi di\u00a0euro entro il 2020 e 532 miliardi fino al 2022\". Ha proposto Juncker.<\/p>\n<p>L'uscita del Regno Unito dall'Unione europea non deve essere considerata una minaccia per l'esistenza stessa dell'Ue. Lo ha sottolineato nel suo intervento sullo Stato dell'Ue il presidente della Commissione Jean-Claude Juncker. \"I nostri amici e partner internazionale si chiedono con preoccupazione se la Brexit non sia l'inizio dello scioglimento dell'Ue - ha premesso Juncker - ma noi siamo sicuri che, pur rispettando e deplorando questa decisione, non c'\u00e8 un pericolo per l'esistenza dell'Ue\".<\/p>\n<p>\"Un'Europa protettrice \u00e8\u00a0un'Europa che si difende. E dobbiamo difenderci soprattutto\u00a0contro il terrorismo, questa \u00e8 la priorit\u00e0 assoluta\". Ha sottolineato\u00a0Juncker alla plenaria di Strasburgo, ricordando gli attacchi subiti nel 2015\u00a0e 2016. \"Dobbiamo mostrare ai terroristi che non hanno alcuna\u00a0possibilit\u00e0 di colpire i nostri valori. La nostra tolleranza non\u00a0pu\u00f2 andare a scapito della nostra sicurezza\".<\/p>\n<p>Entro novembre la Commissione\u00a0proporr\u00e0 un sistema europeo di informazione sui viaggi: \"Ogni\u00a0volta che uno entra in Ue sar\u00e0 registrato, luogo, data e motivo\u00a0dello spostamento\", in modo che \"questo nuovo sistema automatico\u00a0ci dir\u00e0 chi \u00e8 autorizzato a viaggiare in Ue, prima che arrivi in\u00a0Ue\". Ha annunciato il presidente della Commissione.<\/p>\n","protected":false},"excerpt":{"rendered":"<p>Bruxelles, 14 Sett 2016 &#8211; &#8220;Il patto di stabilit\u00e0 non deve diventare un patto di flessibilit\u00e0, ma deve essere applicato con flessibilit\u00e0 intelligente per non&#8230;<\/p>\n","protected":false},"author":2,"featured_media":115808,"comment_status":"closed","ping_status":"closed","sticky":false,"template":"","format":"standard","meta":[],"categories":[49,50],"tags":[],"_links":{"self":[{"href":"https:\/\/www.cronacaonline.it\/index.php\/wp-json\/wp\/v2\/posts\/132151"}],"collection":[{"href":"https:\/\/www.cronacaonline.it\/index.php\/wp-json\/wp\/v2\/posts"}],"about":[{"href":"https:\/\/www.cronacaonline.it\/index.php\/wp-json\/wp\/v2\/types\/post"}],"author":[{"embeddable":true,"href":"https:\/\/www.cronacaonline.it\/index.php\/wp-json\/wp\/v2\/users\/2"}],"replies":[{"embeddable":true,"href":"https:\/\/www.cronacaonline.it\/index.php\/wp-json\/wp\/v2\/comments?post=132151"}],"version-history":[{"count":0,"href":"https:\/\/www.cronacaonline.it\/index.php\/wp-json\/wp\/v2\/posts\/132151\/revisions"}],"wp:featuredmedia":[{"embeddable":true,"href":"https:\/\/www.cronacaonline.it\/index.php\/wp-json\/"}],"wp:attachment":[{"href":"https:\/\/www.cronacaonline.it\/index.php\/wp-json\/wp\/v2\/media?parent=132151"}],"wp:term":[{"taxonomy":"category","embeddable":true,"href":"https:\/\/www.cronacaonline.it\/index.php\/wp-json\/wp\/v2\/categories?post=132151"},{"taxonomy":"post_tag","embeddable":true,"href":"https:\/\/www.cronacaonline.it\/index.php\/wp-json\/wp\/v2\/tags?post=132151"}],"curies":[{"name":"wp","href":"https:\/\/api.w.org\/{rel}","templated":true}]}}