{"id":132053,"date":"2016-09-12T14:53:43","date_gmt":"2016-09-12T12:53:43","guid":{"rendered":"http:\/\/www.cronacaonline.it\/public\/content\/?p=132053"},"modified":"2016-09-12T14:53:43","modified_gmt":"2016-09-12T12:53:43","slug":"scuola-interrogazione-della-consigliera-regionale-pd-allassessore-alla-pubblica-istruzione-sulla-soppressione-della-terza-classe-dellistituto-a-volta-di-guspini","status":"publish","type":"post","link":"https:\/\/www.cronacaonline.it\/index.php\/2016\/09\/12\/scuola-interrogazione-della-consigliera-regionale-pd-allassessore-alla-pubblica-istruzione-sulla-soppressione-della-terza-classe-dellistituto-a-volta-di-guspini\/","title":{"rendered":"Scuola, interrogazione della Consigliera regionale Pd all\u2019assessore alla Pubblica Istruzione sulla soppressione della Terza classe dell&#8217;istituto A.Volta di Guspini."},"content":{"rendered":"<p>Cagliari, 12 Sett 2016 - Questa mattina, la consigliera regionale del Partito Democratico e i colleghi del gruppo, ha presentato un'interrogazione all'Assessore regionale della Pubblica Istruzione, per chiedere urgenti e opportune azioni correttive per scongiurare la soppressione delle classi terza (diurno e serale) ad indirizzo socio sanitario, dell'Istituto A. Volta di Guspini.<\/p>\n<p>Pinna in una nota afferma di essere in prima linea con agli studenti, genitori, il Consiglio d'Istituto e le istituzioni locali, in difesa delle classi e del percorso formativo ad indirizzo socio-sanitario dell'Istituto A. Volta di Guspini.<\/p>\n<p>Interrompere un indirizzo di studio dopo due anni, afferma l\u2019esponente democratica, ritengo che non abbia motivazioni cos\u00ec forti n\u00e9 dal punto di vista culturale, n\u00e9 economico. Stiamo parlando della eliminazione in un sol colpo, di due classi terze (diurna e serale) appartenenti al corso per Tecnici per i Servizi Socio Sanitari, frequentata con fatica e impegno anche dagli studenti lavoratori.<\/p>\n<p>Una decisione che sembrerebbe non aver valutato adeguatamente le conseguenze sociali, economiche e formative, di un territorio in continua emergenza come quello di cui il Medio-Campidano \u00e8, purtroppo, portatore, con il rischio di annullare una competenza e una qualificazione in parte acquisita. E una decisione basata esclusivamente sui numeri, che non tiene conto neanche di aspetti fondamentali come il disagio logistico o i costi di trasporto per le famiglie degli interessati, obbligati, nel migliore dei casi, alla scelta di iscrivere i propri figli negli Istituti di Oristano o Cagliari.<\/p>\n<p>A met\u00e0 percorso formativo, il sogno si interrompe anche per chi con enormi sacrifici, concilia famiglia, lavoro e studio nei corsi serali.<\/p>\n<p>Questa misura taglia-classi, si legge ancora nel comunicato, peraltro mal si concilia con le politiche antidispersione poste in essere dalla Regione e dal MIUR e nega irrevocabilmente il diritto allo studio sancito dalla Costituzione italiana.<\/p>\n<p>Qualunque strategia pedagogico- didattica non pu\u00f2 che essere finalizzata al mantenimento degli studenti a scuola per non pregiudicarne la frequenza o impedirne il proseguo in un cammino educativo comune gi\u00e0 intrapreso, come nel caso specifico, e finalizzato a dare una specifica competenza in un settore capace di aprire spazi nel difficile mercato del lavoro.<\/p>\n<p>Mi auguro che si intervenga al pi\u00f9 presto e che la decisione venga rivista e modificata con la giusta attenzione e sensibilit\u00e0, considerando che oltre i precisi parametri numerici esistono anche specifiche deroghe per il superamento del problema.<\/p>\n<p>I presupposti - conclude Pinna - ci sono tutti, serve una precisa volont\u00e0 politica che viene richiesta all'assessore competente per restituire speranza agli studenti, alle studentesse e a tutti i soggetti interessati. Red<\/p>\n<p>&nbsp;<\/p>\n","protected":false},"excerpt":{"rendered":"<p>Cagliari, 12 Sett 2016 &#8211; Questa mattina, la consigliera regionale del Partito Democratico e i colleghi del gruppo, ha presentato un&#8217;interrogazione all&#8217;Assessore regionale della Pubblica&#8230;<\/p>\n","protected":false},"author":2,"featured_media":125893,"comment_status":"closed","ping_status":"closed","sticky":false,"template":"","format":"standard","meta":[],"categories":[49,52],"tags":[],"_links":{"self":[{"href":"https:\/\/www.cronacaonline.it\/index.php\/wp-json\/wp\/v2\/posts\/132053"}],"collection":[{"href":"https:\/\/www.cronacaonline.it\/index.php\/wp-json\/wp\/v2\/posts"}],"about":[{"href":"https:\/\/www.cronacaonline.it\/index.php\/wp-json\/wp\/v2\/types\/post"}],"author":[{"embeddable":true,"href":"https:\/\/www.cronacaonline.it\/index.php\/wp-json\/wp\/v2\/users\/2"}],"replies":[{"embeddable":true,"href":"https:\/\/www.cronacaonline.it\/index.php\/wp-json\/wp\/v2\/comments?post=132053"}],"version-history":[{"count":0,"href":"https:\/\/www.cronacaonline.it\/index.php\/wp-json\/wp\/v2\/posts\/132053\/revisions"}],"wp:featuredmedia":[{"embeddable":true,"href":"https:\/\/www.cronacaonline.it\/index.php\/wp-json\/wp\/v2\/media\/125893"}],"wp:attachment":[{"href":"https:\/\/www.cronacaonline.it\/index.php\/wp-json\/wp\/v2\/media?parent=132053"}],"wp:term":[{"taxonomy":"category","embeddable":true,"href":"https:\/\/www.cronacaonline.it\/index.php\/wp-json\/wp\/v2\/categories?post=132053"},{"taxonomy":"post_tag","embeddable":true,"href":"https:\/\/www.cronacaonline.it\/index.php\/wp-json\/wp\/v2\/tags?post=132053"}],"curies":[{"name":"wp","href":"https:\/\/api.w.org\/{rel}","templated":true}]}}