{"id":132023,"date":"2016-09-12T08:34:34","date_gmt":"2016-09-12T06:34:34","guid":{"rendered":"http:\/\/www.cronacaonline.it\/public\/content\/?p=132023"},"modified":"2016-09-12T08:34:34","modified_gmt":"2016-09-12T06:34:34","slug":"hillary-clinton-ha-la-polmonite-dopo-malore-a-ground-zero-ex-first-lady-costretta-a-dire-la-verita","status":"publish","type":"post","link":"https:\/\/www.cronacaonline.it\/index.php\/2016\/09\/12\/hillary-clinton-ha-la-polmonite-dopo-malore-a-ground-zero-ex-first-lady-costretta-a-dire-la-verita\/","title":{"rendered":"Hillary Clinton ha la polmonite. Dopo malore a Ground zero ex first lady costretta a dire la verit\u00e0"},"content":{"rendered":"<p>New York, 12 Sett 2016 - Hillary Clinton ha la polmonite ed \u00e8 disidratata. Questa la probabile causa del malore avuto mentre partecipava alla cerimonia di ground zero Per il quindicesimo anniversario degli attentati dell'11 Settembre. \u00a0 \u00a0Il colpo di scena - dopo i tanti misteri attorno all'episodio - arriva nella serata di ieri, con una dichiarazione del medico curante della ex first lady. Lisa Bardack, che spiega in una nota come la polmonite le sia stata diagnosticata venerd\u00ec scorso, in seguito ad esami pi\u00f9 approfonditi eseguiti per capire le cause di una tosse prolungata.<\/p>\n<p>Troppo prolungata per essere solo la conseguenza delle allergie di cui hillary soffre. Il medico, che assicura come ora l'ex first lady si stia riprendendo bene, spiega come la candidata alla Casa bianca era stata sottoposta ad una cura di antibiotici. Le era stato anche consigliato di restare a riposo e di modificare\u00a0l'agenda dei suoi impegni.<\/p>\n<p>A tradirla a Ground zero \u00e8 stato certamente il caldo, in una giornata durante la quale la temperatura percepita \u00e8 stata certamente superiore a quella reale per via dell'alto tasso di umidit\u00e0.<\/p>\n<p>A spiegare la decisione di Hilary Clinton\u00a0di lasciare In fretta e furia ground zero, ben prima della fine della Cerimonia, era stato il suo portavoce Nick Merrill, dopo quasi Un'ora e mezza di silenzio e di mistero che tra i giornalisti presenti aveva alimentato le pi\u00f9 disparate congetture. I pochi testimoni che hanno assistito alla scena hanno subito parlato di un malore improvviso che ha costretto l'ex first lady a lasciare il luogo dove una volta sorgevano le Twin towers, sostenuta da un agente del secret service. Il primo a dare la notizia il reporter di Fox news presente alla cerimonia.<\/p>\n<p>Le Immagini diffuse in seguito mostrano la Clinton appoggiata ad una colonnina sul margine del marciapiede mentre si aspetta il van che la deve portare via. Al momento di salire sul veicolo si nota chiaramente come le ginocchia della ex first lady cedano. Non riesce a camminare e le persone attorno a lei di fatto la Tirano su di peso.<\/p>\n<p>Insomma, se non proprio uno svenimento, un mancamento. Anche I giornalisti del pool che segue ovunque la candidata vengono Tenuti a lungo all'oscuro di quanto accaduto. Non sanno dove sia Stata portata. Sar\u00e0 sempre il portavoce a comunicare che Hillary era a casa della figlia Chelsea, nel Flatiron district di Manhattan, e che si era ripresa.<\/p>\n<p>\u00c8 stata poi la stessa Hillary a rassicurare tutti, Incrociando i giornalisti sotto l'abitazione: \"Sto alla grande\", ha detto. \"Oggi a New Yok \u00e8 una bellissima giornata\", ha quindi aggiunto, forse riferendosi al caldo. Poi di nuovo in auto, Direzione Chappaqua, a nord di New York, dove i Clinton hanno la residenza. E' qui che probabilmente\u00a0\u00e8 stata visitata dal medico.<\/p>\n<p>Donald Trump, anch'egli presente a Ground zero, non si \u00e8 accorto di nulla. Del resto i due, finch\u00e9 sono stati entrambe Presenti, si sono praticamente ignorati tenendosi a debita Distanza. Nessun commento da parte dell\u2019ormai ex magnate, che con eleganza decide di Non infierire, lui che pi\u00f9 volte attraverso la sua campagna ha Espresso dubbi sullo stato di salute dell'avversaria, l'ultima Volta in agosto.<\/p>\n<p>Il tema per\u00f2 rischia di tornare Inevitabilmente al centro della campagna elettorale, a meno di Due mesi dal voto.<\/p>\n<p>La Clinton, che poco prima di lasciare l'incarico di Segretario di stato era stata operata per un ematoma alla testa Procuratosi in seguito ad una caduta, \u00e8 stata spesso attaccata Da una parte della stampa ostile che fa insinuazioni Sull'esistenza di problemi di salute della ex first lady, che Compir\u00e0 69 anni ad ottobre. Insinuazioni che la campagna del Tycoon ha pi\u00f9 volte cavalcato, contrapponendo invece cartelle Cliniche che attesterebbero l'ottimo stato di\u00a0salute di Trump, 70 anni.<\/p>\n<p>Sulla rete sono molti i video che documentano i frequenti attacchi di tosse durante i comizi della ex first lady. Uno dei pi\u00f9 prolungati qualche giorno a fa a Cleveland, in Ohio<\/p>\n","protected":false},"excerpt":{"rendered":"<p>New York, 12 Sett 2016 &#8211; Hillary Clinton ha la polmonite ed \u00e8 disidratata. Questa la probabile causa del malore avuto mentre partecipava alla cerimonia&#8230;<\/p>\n","protected":false},"author":2,"featured_media":132025,"comment_status":"closed","ping_status":"closed","sticky":false,"template":"","format":"standard","meta":[],"categories":[49,50],"tags":[],"_links":{"self":[{"href":"https:\/\/www.cronacaonline.it\/index.php\/wp-json\/wp\/v2\/posts\/132023"}],"collection":[{"href":"https:\/\/www.cronacaonline.it\/index.php\/wp-json\/wp\/v2\/posts"}],"about":[{"href":"https:\/\/www.cronacaonline.it\/index.php\/wp-json\/wp\/v2\/types\/post"}],"author":[{"embeddable":true,"href":"https:\/\/www.cronacaonline.it\/index.php\/wp-json\/wp\/v2\/users\/2"}],"replies":[{"embeddable":true,"href":"https:\/\/www.cronacaonline.it\/index.php\/wp-json\/wp\/v2\/comments?post=132023"}],"version-history":[{"count":0,"href":"https:\/\/www.cronacaonline.it\/index.php\/wp-json\/wp\/v2\/posts\/132023\/revisions"}],"wp:featuredmedia":[{"embeddable":true,"href":"https:\/\/www.cronacaonline.it\/index.php\/wp-json\/wp\/v2\/media\/132025"}],"wp:attachment":[{"href":"https:\/\/www.cronacaonline.it\/index.php\/wp-json\/wp\/v2\/media?parent=132023"}],"wp:term":[{"taxonomy":"category","embeddable":true,"href":"https:\/\/www.cronacaonline.it\/index.php\/wp-json\/wp\/v2\/categories?post=132023"},{"taxonomy":"post_tag","embeddable":true,"href":"https:\/\/www.cronacaonline.it\/index.php\/wp-json\/wp\/v2\/tags?post=132023"}],"curies":[{"name":"wp","href":"https:\/\/api.w.org\/{rel}","templated":true}]}}