{"id":131887,"date":"2016-09-08T18:29:52","date_gmt":"2016-09-08T16:29:52","guid":{"rendered":"http:\/\/www.cronacaonline.it\/public\/content\/?p=131887"},"modified":"2016-09-08T18:29:52","modified_gmt":"2016-09-08T16:29:52","slug":"crisi-governo-campidoglio-la-sindaca-raggi-io-non-mollo-ma-si-dimette-mini-direttorio-romano","status":"publish","type":"post","link":"https:\/\/www.cronacaonline.it\/index.php\/2016\/09\/08\/crisi-governo-campidoglio-la-sindaca-raggi-io-non-mollo-ma-si-dimette-mini-direttorio-romano\/","title":{"rendered":"Crisi governo Campidoglio: la Sindaca Raggi: \u201cIo non mollo, ma si dimette mini direttorio romano."},"content":{"rendered":"<p>Roma, 8 Sett 2916 - Il mini direttorio romano del Movimento 5 Stelle annuncia le dimissioni in massa: \u00abRiteniamo che oggi il nostro compito non sia pi\u00f9 necessario\u00bb, scrivono Paola Taverna, Fabio Massimo Castaldo e Gianluca Perilli sul blog M5S, assicurando che \u00abnon faremo mai mancare il nostro sostegno e il nostro contributo alla giunta Raggi\u00bb.<\/p>\n<p>\"Io non mollo\", aveva detto la sindaca di Roma ai cittadini che, durante la cerimonia per l'anniversario dell'8 Settembre a Porta San Paolo, l'avevano incitata ad andare avanti nonostante le difficolt\u00e0 degli ultimi giorni. La strada per\u00f2 \u00e8 sempre pi\u00f9 in salita e l'ultima novit\u00e0 \u00e8 che De Dominicis non potr\u00e0 entrare in giunta: \"In queste ore - scrive Raggi sul suo profilo Facebook - ho appreso che l'ex\u00a0magistrato e gi\u00e0 procuratore generale della Corte dei Conti del\u00a0Lazio in base ai requisiti previsti da M5s non pu\u00f2 pi\u00f9 assumere\u00a0l'incarico di assessore al bilancio della giunta capitolina, pertanto di comune accordo abbiamo deciso di non proseguire con\u00a0l'assegnazione dell'incarico.\u00a0Siamo gi\u00e0 al lavoro per individuare\u00a0una nuova figura che possa dare un contributo al programma della\u00a0giunta su Roma\".<\/p>\n<p>La sindaca ha incassato comunque la benedizione di Beppe Grillo, che mentre ieri parlando a Nettuno era apparso pi\u00f9 cauto con un \"noi vigileremo\", oggi conferma l'appoggio pieno.\u00a0Grillo, infatti, lancia l'hashtag #SiamoTuttiConVirginia\", e\u00a0sul \"blog delle stelle\" insieme a\u00a0Alessandro Di Battista, Luigi Di Maio, Roberto Fico, Carla\u00a0Ruocco, Carlo Sibilia, attacca Pd e giornali sottolineando che\u00a0\"i loro tentativi non serviranno a nulla: Virginia Raggi \u00e8 forte\u00a0del mandato di quasi 800.000 romani e del sostegno e della\u00a0fiducia piena dell'intero Movimento 5 Stelle\".<\/p>\n<p>Dopo telefonate e colloqui, la prima a farsi sentire ieri \u00e8 stata proprio Virginia Raggi, che ha pubblicato un video: \"Sono qui oggi per fare chiarezza su quello che \u00e8 stato definito il caso Muraro. Voglio raccontarvi con semplicit\u00e0 cosa \u00e8 accaduto o, meglio, cosa sta accadendo. Sappiamo che in procura c'\u00e8 un fascicolo che riguarda l'assessore all'Ambiente Paola Muraro. Noi ad oggi, per\u00f2, non abbiamo avuto modo di leggere le carte. Non sappiamo nulla. Se dovessero emergere delle responsabilit\u00e0, lo diciamo chiaramente: non faremo sconti a nessuno. Tuttavia, lo dico chiaro, saranno i Pm a decidere se vi \u00e8 o meno un'ipotesi di reato. Non saranno certo i partiti, n\u00e9 tanto meno i giornali. Nel frattempo, l'assessore Muraro continuer\u00e0 a lavorare per pulire questa citt\u00e0. E si metta fine alle polemiche\". Tutta qui la versione di Virginia sulla vicenda, \"aspettiamo le carte\". Poi, appunto, l'attacco agli altri: \"Non \u00e8 passato giorno senza che ci sia un attacco, un'accusa. Sappiamo bene che questo nostro modo di lavorare pu\u00f2 dare fastidio a qualcuno o pu\u00f2 far paura. Ma non ci fermeranno, noi dobbiamo fare l'interesse dei romani\".<\/p>\n<p>''Voglio essere chiaro su una cosa: io aiuter\u00f2 Roma, noi aiuteremo Roma. Aiuteremo questa amministrazione comunale di Roma perch\u00e9 non \u00e8 giusto che i problemi si scarichino sui cittadini: chi aspetta l'autobus, chi vuole la citt\u00e0 pulita, chi vuole un lavoro. A prescindere da chi governa, le istituzioni devono collaborare. L'ho detto sin dal primo giorno e lo dico oggi in un momento di difficolt\u00e0 per la giunta capitolina\". Lo ha dichiarato il presidente della Regione Lazio, Nicola Zingaretti, nel corso di un intervento all'interno della trasmissione 'Uno Mattina'. \"Su questo massima collaborazione perch\u00e9 mi auguro che chi ha vinto le elezioni sia in grado di governare - ha continuato - Prevalgono in me il senso di amore per la citt\u00e0 e il dovere istituzionale. Se posso dire una cosa politica, non tanto a Raggi ma al Partito 5 Stelle: un po' pi\u00f9 di umilt\u00e0\".<\/p>\n<p>\"La Giunta Raggi non cambia idea sulla\u00a0possibilit\u00e0 che Roma organizzi le Olimpiadi tra otto anni e\u00a0quindi dice no\". Lo dice una fonte qualificata del\u00a0Campidoglio. \u201c\u00c8 previsto - spiega la fonte - che la\u00a0prossima settimana la sindaca di Roma faccia l'annuncio\u00a0ufficiale in una conferenza stampa\".<\/p>\n","protected":false},"excerpt":{"rendered":"<p>Roma, 8 Sett 2916 &#8211; Il mini direttorio romano del Movimento 5 Stelle annuncia le dimissioni in massa: \u00abRiteniamo che oggi il nostro compito non&#8230;<\/p>\n","protected":false},"author":2,"featured_media":131798,"comment_status":"closed","ping_status":"closed","sticky":false,"template":"","format":"standard","meta":[],"categories":[49,50],"tags":[],"_links":{"self":[{"href":"https:\/\/www.cronacaonline.it\/index.php\/wp-json\/wp\/v2\/posts\/131887"}],"collection":[{"href":"https:\/\/www.cronacaonline.it\/index.php\/wp-json\/wp\/v2\/posts"}],"about":[{"href":"https:\/\/www.cronacaonline.it\/index.php\/wp-json\/wp\/v2\/types\/post"}],"author":[{"embeddable":true,"href":"https:\/\/www.cronacaonline.it\/index.php\/wp-json\/wp\/v2\/users\/2"}],"replies":[{"embeddable":true,"href":"https:\/\/www.cronacaonline.it\/index.php\/wp-json\/wp\/v2\/comments?post=131887"}],"version-history":[{"count":0,"href":"https:\/\/www.cronacaonline.it\/index.php\/wp-json\/wp\/v2\/posts\/131887\/revisions"}],"wp:featuredmedia":[{"embeddable":true,"href":"https:\/\/www.cronacaonline.it\/index.php\/wp-json\/wp\/v2\/media\/131798"}],"wp:attachment":[{"href":"https:\/\/www.cronacaonline.it\/index.php\/wp-json\/wp\/v2\/media?parent=131887"}],"wp:term":[{"taxonomy":"category","embeddable":true,"href":"https:\/\/www.cronacaonline.it\/index.php\/wp-json\/wp\/v2\/categories?post=131887"},{"taxonomy":"post_tag","embeddable":true,"href":"https:\/\/www.cronacaonline.it\/index.php\/wp-json\/wp\/v2\/tags?post=131887"}],"curies":[{"name":"wp","href":"https:\/\/api.w.org\/{rel}","templated":true}]}}