{"id":131679,"date":"2016-09-04T08:26:10","date_gmt":"2016-09-04T06:26:10","guid":{"rendered":"http:\/\/www.cronacaonline.it\/public\/content\/?p=131679"},"modified":"2016-09-04T08:26:10","modified_gmt":"2016-09-04T06:26:10","slug":"madre-teresa-diventa-santa-roma-blindata-per-la-canonizzazione","status":"publish","type":"post","link":"https:\/\/www.cronacaonline.it\/index.php\/2016\/09\/04\/madre-teresa-diventa-santa-roma-blindata-per-la-canonizzazione\/","title":{"rendered":"Madre Teresa diventa santa: Roma blindata per la canonizzazione"},"content":{"rendered":"<p>Citt\u00e0 del Vaticano, 4 Sett 2016 - Roma blindata per la canonizzazione di Madre Teresa. E' uno degli eventi principali, sia per numero di pellegrini, sia dal punto di vista dei contenuti spirituali, del Giubileo straordinario della Misericordia voluto da papa Francesco. Con la messa del Pontefice alle 10.30, la canonizzazione di Madre Teresa di Calcutta raduner\u00e0 in Piazza San Pietro i centomila fedeli con i biglietti gi\u00e0 distribuiti, mentre altre centinaia di migliaia seguiranno la cerimonia da Via della Conciliazione e dagli spazi circostanti. Una cerimonia, tra l'altro, trasmessa in Mondovisione nei cinque continenti, con oltre 120 enti televisivi collegati. E mentre l'arazzo con l'immagine della \"santa dei poveri\" gi\u00e0 campeggia sulla facciata della basilica vaticana, i preparativi fervono per gli ultimi ritocchi logistici e organizzativi, l'accoglienza delle diverse delegazioni ufficiali, i dispositivi della sicurezza.<\/p>\n<p>Domani sar\u00e0 inoltre celebrata per la prima volta la festa di Santa Teresa di Calcutta, e sar\u00e0 il cardinale segretario di Stato Pietro Parolin ad officiare la messa in Piazza San Pietro alle 10.00. Madre Teresa \"\u00e8 la santa perfetta per l'Anno della Misericordia\", ha detto in una conferenza stampa in vaticano il postulatore della causa dio canonizzazione, padre Brian Kolodiejchuk. \"Madre Teresa \u00e8 una santa per tutti - ha detto ancora - per i poveri e i ricchi, e per il nostro tempo, devastato da tanta violenza e aridit\u00e0 di cuore, perch\u00e9 ha dimostrato che il male, la miseria che tutti portiamo dentro di noi, pu\u00f2 essere perdonato e che, afferrando la mano misericordiosa e sicura che Ges\u00f9 ci tende, le nostre tenebre possono essere superate\".<\/p>\n<p>L'esempio di vita della beata madre Teresa di Calcutta, ha detto Papa Francesco in un video messaggio - \"testimone privilegiata di carit\u00e0 e di generosa attenzione ai poveri e agli ultimi, contribuisca a portare sempre pi\u00f9 Cristo al centro della vita e a vivere generosamente il suo Vangelo nel continuo esercizio delle opere di misericordia per essere costruttori di un futuro migliore, illuminato dallo splendore della verit\u00e0\". Francesco ha auspicato che: \"i devoti di madre Teresa, imitandone l'ardore apostolico, possano attuare quella rivoluzione della tenerezza iniziata da Ges\u00f9 Cristo con il suo amore di predilezione ai piccoli\".<\/p>\n<p>&nbsp;<\/p>\n","protected":false},"excerpt":{"rendered":"<p>Citt\u00e0 del Vaticano, 4 Sett 2016 &#8211; Roma blindata per la canonizzazione di Madre Teresa. E&#8217; uno degli eventi principali, sia per numero di pellegrini,&#8230;<\/p>\n","protected":false},"author":2,"featured_media":131680,"comment_status":"closed","ping_status":"closed","sticky":false,"template":"","format":"standard","meta":[],"categories":[49,50],"tags":[],"_links":{"self":[{"href":"https:\/\/www.cronacaonline.it\/index.php\/wp-json\/wp\/v2\/posts\/131679"}],"collection":[{"href":"https:\/\/www.cronacaonline.it\/index.php\/wp-json\/wp\/v2\/posts"}],"about":[{"href":"https:\/\/www.cronacaonline.it\/index.php\/wp-json\/wp\/v2\/types\/post"}],"author":[{"embeddable":true,"href":"https:\/\/www.cronacaonline.it\/index.php\/wp-json\/wp\/v2\/users\/2"}],"replies":[{"embeddable":true,"href":"https:\/\/www.cronacaonline.it\/index.php\/wp-json\/wp\/v2\/comments?post=131679"}],"version-history":[{"count":0,"href":"https:\/\/www.cronacaonline.it\/index.php\/wp-json\/wp\/v2\/posts\/131679\/revisions"}],"wp:featuredmedia":[{"embeddable":true,"href":"https:\/\/www.cronacaonline.it\/index.php\/wp-json\/wp\/v2\/media\/131680"}],"wp:attachment":[{"href":"https:\/\/www.cronacaonline.it\/index.php\/wp-json\/wp\/v2\/media?parent=131679"}],"wp:term":[{"taxonomy":"category","embeddable":true,"href":"https:\/\/www.cronacaonline.it\/index.php\/wp-json\/wp\/v2\/categories?post=131679"},{"taxonomy":"post_tag","embeddable":true,"href":"https:\/\/www.cronacaonline.it\/index.php\/wp-json\/wp\/v2\/tags?post=131679"}],"curies":[{"name":"wp","href":"https:\/\/api.w.org\/{rel}","templated":true}]}}