{"id":131551,"date":"2016-09-01T07:31:03","date_gmt":"2016-09-01T05:31:03","guid":{"rendered":"http:\/\/www.cronacaonline.it\/public\/content\/?p=131551"},"modified":"2016-09-01T07:31:03","modified_gmt":"2016-09-01T05:31:03","slug":"lite-ieri-mattina-nel-centro-di-cagliari-tra-un-parcheggiatore-abusivo-del-senegal-e-due-sardi","status":"publish","type":"post","link":"https:\/\/www.cronacaonline.it\/index.php\/2016\/09\/01\/lite-ieri-mattina-nel-centro-di-cagliari-tra-un-parcheggiatore-abusivo-del-senegal-e-due-sardi\/","title":{"rendered":"Lite ieri mattina nel centro di Cagliari tra un parcheggiatore abusivo del Senegal e due sardi"},"content":{"rendered":"<p>Cagliari, 1 Sett 2016 \u2013 Furiosa litte ieri mattina tra due cittadini dell\u2019hinterland cagliaritano e un giovane senegalese nei parcheggi adiacenti alla via Jenner a Cagliari.<\/p>\n<p>La lite, iniziata forse a causa dell\u2019invito al parcheggio da parte del giovane parcheggiatore abusivo senegalese, all'inizio si \u00e8 limitata a parole pesanti ed insulti, poi proseguita tra i due italiani, di cui uno armatosi di spranga, ed il senegalese, la situazione \u00e8 degenerata ed il giovane straniero \u00e8 stato pi\u00f9 volte colpito.<\/p>\n<p>Ne \u00e8 seguita una colluttazione nella quale il giovane nero \u00e8 riuscito a impossessarsi della spranga ed a colpire uno dei due, un 40enne.<\/p>\n<p>Subito dopo l\u2019allarme lanciato tramite il 113, sono giunti sul posto, gli agenti della Squadra Volanti e gli investigatori della Squadra Mobile dove i feriti sono stati soccorsi ed il senegalese \u00e8 stato trasportato con lievi ferite all'ospedale marino mentre il 40enne cagliaritano al Brotzu in codice rosso.<\/p>\n<p>Sono in corso gli accertamenti per la ricostruzione dei fatti da parte degli investigatori della Squadra Mobile e la verifica delle posizioni dei vari soggetti coinvolti.<\/p>\n<p>Tutti i dettagli e gli sviluppi saranno forniti dal Dirigente della Squadra Mobile in un incontro che terr\u00e0 stamane alle ore 10.<\/p>\n","protected":false},"excerpt":{"rendered":"<p>Cagliari, 1 Sett 2016 \u2013 Furiosa litte ieri mattina tra due cittadini dell\u2019hinterland cagliaritano e un giovane senegalese nei parcheggi adiacenti alla via Jenner a&#8230;<\/p>\n","protected":false},"author":2,"featured_media":75829,"comment_status":"closed","ping_status":"closed","sticky":false,"template":"","format":"standard","meta":[],"categories":[49,55],"tags":[],"_links":{"self":[{"href":"https:\/\/www.cronacaonline.it\/index.php\/wp-json\/wp\/v2\/posts\/131551"}],"collection":[{"href":"https:\/\/www.cronacaonline.it\/index.php\/wp-json\/wp\/v2\/posts"}],"about":[{"href":"https:\/\/www.cronacaonline.it\/index.php\/wp-json\/wp\/v2\/types\/post"}],"author":[{"embeddable":true,"href":"https:\/\/www.cronacaonline.it\/index.php\/wp-json\/wp\/v2\/users\/2"}],"replies":[{"embeddable":true,"href":"https:\/\/www.cronacaonline.it\/index.php\/wp-json\/wp\/v2\/comments?post=131551"}],"version-history":[{"count":0,"href":"https:\/\/www.cronacaonline.it\/index.php\/wp-json\/wp\/v2\/posts\/131551\/revisions"}],"wp:featuredmedia":[{"embeddable":true,"href":"https:\/\/www.cronacaonline.it\/index.php\/wp-json\/"}],"wp:attachment":[{"href":"https:\/\/www.cronacaonline.it\/index.php\/wp-json\/wp\/v2\/media?parent=131551"}],"wp:term":[{"taxonomy":"category","embeddable":true,"href":"https:\/\/www.cronacaonline.it\/index.php\/wp-json\/wp\/v2\/categories?post=131551"},{"taxonomy":"post_tag","embeddable":true,"href":"https:\/\/www.cronacaonline.it\/index.php\/wp-json\/wp\/v2\/tags?post=131551"}],"curies":[{"name":"wp","href":"https:\/\/api.w.org\/{rel}","templated":true}]}}