{"id":131525,"date":"2016-08-31T10:40:55","date_gmt":"2016-08-31T08:40:55","guid":{"rendered":"http:\/\/www.cronacaonline.it\/public\/content\/?p=131525"},"modified":"2016-08-31T10:40:55","modified_gmt":"2016-08-31T08:40:55","slug":"migranti-i-centri-di-accoglienza-scoppiano-ma-nonostante-questo-arrivati-in-sardegna-stamane-altre-617-persone","status":"publish","type":"post","link":"https:\/\/www.cronacaonline.it\/index.php\/2016\/08\/31\/migranti-i-centri-di-accoglienza-scoppiano-ma-nonostante-questo-arrivati-in-sardegna-stamane-altre-617-persone\/","title":{"rendered":"Migranti \u2013 I centri di accoglienza scoppiano ma nonostante questo arrivati in Sardegna stamane altre 617 persone"},"content":{"rendered":"<p>Cagliari, 31 Ago 2016 - I centri di accoglienza della Sardegna sono stracolmi. Non ci sono pi\u00f9 posti ma nonostante questo il governo continua a dirottare migranti verso l\u2019Isola. Infatti, stamane, sono giunti a Cagliari, a bordo di una nave militare, i 617 migranti soccorsi nei giorni scorsi al largo delle coste libiche. Il natante \u00e8 approdato al molo Rinfuse del porto canale verso le 9,30 con a bordo 454 uomini, 138 donne e 25 minorenni.<\/p>\n<p>Con i 617 migranti arrivati oggi, l'Isola superer\u00e0 di 500 persone la sua quota di presenze dei richiedenti asilo, ha affermato in una nota il presidente della Regione sarda Pigliaru.<\/p>\n<p>\u201cIl nuovo arrivo di migranti in Sardegna, previsto per\u00a0domani, \u00e8 motivo di preoccupazione per pi\u00f9 motivi.\u201d Queste le parole del presidente della Regione Francesco Pigliaru a proposito dell\u2019arrivo della nave della Marina irlandese che porter\u00e0 a Cagliari 617 persone provenienti dall\u2019Africa. \u201cMentre confermiamo il nostro contributo a gestire il fenomeno dei migranti nel rispetto delle quote assegnate, dobbiamo constatare che le informazioni ricevute dalla Prefettura ci dicono che, con loro, supereremo di 500 la quota di riparto delle presenze. Ma bisogna inoltre sottolineare che in questo conteggio non si tiene conto delle centinaia di persone arrivate nel sud dell\u2019Isola con gli sbarchi diretti, che implicano servizi di accoglienza e messa in sicurezza notevoli.<\/p>\n<p>In pi\u00f9 - evidenzia il presidente Pigliaru -, a 12 ore dall\u2019arrivo della nave non sappiamo, neanche indicativamente, quanti minori si trovino a bordo. Ci\u00f2 \u00e8 grave, perch\u00e9 sappiamo bene che per loro serve un\u2019organizzazione specifica, che coinvolge molti soggetti ed \u00e8 particolarmente complessa. L\u2019aumento esponenziale dei minori \u00e8 un elemento di alta criticit\u00e0 e per questo motivo il Governo ha approvato la norma che prevede la creazione di strutture emergenziali in capo alle prefetture.\u00a0Domani\u00a0per\u00f2 non potremo applicarla, perch\u00e9 il decreto attuativo \u00e8 alla firma del Ministro. Siamo vivamente preoccupati e ribadiremo al Governo, con accresciuta forza, la necessit\u00e0 del rigoroso rispetto delle quote a noi assegnate, cos\u00ec come quella di metterci urgentemente nelle condizioni di lavorare a un adeguato progetto di integrazione. Resta comunque forte la perplessit\u00e0 \u2013 conclude Francesco Pigliaru - sul fatto che continuino a essere portate in Sardegna persone che non vedono la nostra isola come meta accettabile del loro progetto di migrazione\u201d.<\/p>\n<p>Intanto la macchina dell'accoglienza \u00e8 pronta per il nuovo sbarco. Rispetto a luned\u00ec c'\u00e8 una novit\u00e0 con il dietrofront da Roma, arrivato all'alba: l'imbarcazione diretta a Cagliari non \u00e8 pi\u00f9 la Siem Pilot con a bordo 1.100 migranti (dirottata al porto di Corigliano Calabro), bens\u00ec la nave militare irlandese James Joyce (al \"debutto\" nell'Isola) con 617 persone soccorse durante 40 operazioni coordinate dalla Guardia Costiera al largo della Libia.<\/p>\n","protected":false},"excerpt":{"rendered":"<p>Cagliari, 31 Ago 2016 &#8211; I centri di accoglienza della Sardegna sono stracolmi. Non ci sono pi\u00f9 posti ma nonostante questo il governo continua a&#8230;<\/p>\n","protected":false},"author":2,"featured_media":24281,"comment_status":"closed","ping_status":"closed","sticky":false,"template":"","format":"standard","meta":[],"categories":[49,55],"tags":[],"_links":{"self":[{"href":"https:\/\/www.cronacaonline.it\/index.php\/wp-json\/wp\/v2\/posts\/131525"}],"collection":[{"href":"https:\/\/www.cronacaonline.it\/index.php\/wp-json\/wp\/v2\/posts"}],"about":[{"href":"https:\/\/www.cronacaonline.it\/index.php\/wp-json\/wp\/v2\/types\/post"}],"author":[{"embeddable":true,"href":"https:\/\/www.cronacaonline.it\/index.php\/wp-json\/wp\/v2\/users\/2"}],"replies":[{"embeddable":true,"href":"https:\/\/www.cronacaonline.it\/index.php\/wp-json\/wp\/v2\/comments?post=131525"}],"version-history":[{"count":0,"href":"https:\/\/www.cronacaonline.it\/index.php\/wp-json\/wp\/v2\/posts\/131525\/revisions"}],"wp:featuredmedia":[{"embeddable":true,"href":"https:\/\/www.cronacaonline.it\/index.php\/wp-json\/"}],"wp:attachment":[{"href":"https:\/\/www.cronacaonline.it\/index.php\/wp-json\/wp\/v2\/media?parent=131525"}],"wp:term":[{"taxonomy":"category","embeddable":true,"href":"https:\/\/www.cronacaonline.it\/index.php\/wp-json\/wp\/v2\/categories?post=131525"},{"taxonomy":"post_tag","embeddable":true,"href":"https:\/\/www.cronacaonline.it\/index.php\/wp-json\/wp\/v2\/tags?post=131525"}],"curies":[{"name":"wp","href":"https:\/\/api.w.org\/{rel}","templated":true}]}}