{"id":131374,"date":"2016-08-27T08:24:56","date_gmt":"2016-08-27T06:24:56","guid":{"rendered":"http:\/\/www.cronacaonline.it\/public\/content\/?p=131374"},"modified":"2016-08-27T08:24:56","modified_gmt":"2016-08-27T06:24:56","slug":"terremoto-centro-italia-oggi-giornata-di-lutto-nazionale-esequie-solenni-ad-ascoli-piceno-terminata-la-fase-emergenziale","status":"publish","type":"post","link":"https:\/\/www.cronacaonline.it\/index.php\/2016\/08\/27\/terremoto-centro-italia-oggi-giornata-di-lutto-nazionale-esequie-solenni-ad-ascoli-piceno-terminata-la-fase-emergenziale\/","title":{"rendered":"Terremoto centro Italia &#8211; Oggi giornata di lutto nazionale: Esequie solenni ad Ascoli Piceno. Terminata la fase emergenziale"},"content":{"rendered":"<p>Ascoli Piceno, 27 Ago 2016 - Oggi \u00e8 la giornata dei funerali solenni ad Ascoli Piceno per le vittime marchigiane del terremoto. Alle 11.30 si terr\u00e0 la funzione religiosa celebrata dal Vescovo Monsignor Giovanni D\u2019Ercole e\u00a0a cui parteciperanno il capo dello stato Mattarella, il premier Renzi e i presidenti di Camera e Santo, Boldrini e Grasso. Sono 34 le bare che saranno presenti, tra queste, quelle di due bambine, Marisol, di neppure due anni, e Giulia, sorella di Giorgia, miracolosamente scampata invece al terremoto.<\/p>\n<p>Si svolgeranno, invece, marted\u00ec \u00ec\u00a0funerali delle vittime del terremoto ad Amatrice e Accumoli. Alla presenza del presidente del Consiglio, Matteo Renzi,\u00a0il Vescovo di Rieti, Domenico Pompili celebrer\u00e0\u00a0le esequie religiose senza la presenza delle salme, per ricordare, ha detto, \"tutte le vittime, quelle di Amatrice e anche quelle del comune di Accumoli\",\u00a0spiegando che\u00a0\u00e8 impossibile \"ipotizzare un momento in cui avremo tutte le salme\".<\/p>\n<p>Proclamato, per oggi, un giorno di lutto nazionale\u00a0con l'esposizione di bandiere a mezz'asta sugli edifici pubblici dell'intero territorio italiano.<\/p>\n<p>Ad Ascoli Piceno, in occasione dei funerali\u00a0solenni delle vittime marchigiane del terremoto, sono state predisposte\u00a0\"severissime norme di\u00a0sicurezza, attivate in ragione della presenza\u00a0delle pi\u00f9 alte cariche dello Stato\". Lo scrive il sindaco Guido\u00a0Castelli in una nota. \"La cerimonia funebre si svolger\u00e0\u00a0nella palestra del quartiere Monticelli, ma l'accesso sar\u00e0\u00a0riservato ai parenti e ad un ristretto numero di autorit\u00e0. Sar\u00e0\u00a0inoltre allestito un maxi schermo in piazza San Giovanni Paolo\u00a0II, di fronte alla chiesa di San Giovanni Evangelista, per\u00a0permettere a fedeli e cittadini di seguire le esequie\". Disposte, inoltre, numerose limitazioni al traffico.<\/p>\n<p>Il presidente del Consiglio regionale del Lazio\u00a0Daniele Leodori, oggi, sar\u00e0 ad Ascoli Piceno per una riunione con i\u00a0colleghi di Marche, Umbria e Abruzzo alla presenza della\u00a0presidente della Camera Laura Boldrini e di Curcio. In quella\u00a0sede si decide in che modo le Assemblee regionali potranno\u00a0fare la loro parte.<\/p>\n<p>La Rai, in occasione della giornata di\u00a0lutto nazionale proclamata in memoria\u00a0delle vittime del terremoto che ha colpito il centro Italia, ha\u00a0deciso di non trasmettere le inserzioni pubblicitarie per tutta\u00a0la giornata e per tutta la programmazione. La\u00a0Rai, inoltre, esporr\u00e0 per tutta la giornata in tutti suoi canali\u00a0un piccolo drappo nero in segno di lutto.<\/p>\n<p>La serie B di calcio scender\u00e0 in campo osservando un minuto di silenzio, indossando il lutto al braccio e leggendo un comunicato della\u00a0Lega di Serie B che spiega come \"il\u00a0nostro pensiero va alle tante famiglie travolte dal lutto reso\u00a0ancora pi\u00f9 drammatico dal destino che ha colpito i bambini\". In concreto, inoltre l'Aic, hanno detto i\u00a0capitani di Spezie e\u00a0Salernitana, Terzi e Rosina nell'anticipo che si \u00e8 disputato ieri, \"ha deciso\u00a0di aprire una sottoscrizione tra tutti i calciatori delle\u00a0squadre di Serie A, B e Lega Pro per raccogliere, con la\u00a0massima urgenza, fondi da destinare ad azioni concrete a\u00a0sostegno delle persone sconvolte da questa terribile calamit\u00e0. Aic Onlus stanzier\u00e0 inoltre una ulteriore cifra da devolvere\u00a0alle popolazioni colpite\".<\/p>\n<p>Il Festival di Castrocaro - in prima serata su Rai1 - \u00a0sar\u00e0\u00a0dedicato alla raccolta fondi solidale per le vittime del\u00a0terremoto e lo stesso, alle 22.30 su Rai5, accadr\u00e0 per il\u00a0Concertone finale della \"Notte della Taranta\" trasformata, su\u00a0decisione del Prefetto di Lecce, d'intesa con la Regione Puglia\u00a0e la Fondazione La Notte della Taranta, in maratona di\u00a0solidariet\u00e0. Tutti gli artisti coinvolti rinunceranno al cachet\u00a0della serata, inoltre osserveranno un minuto di silenzio e\u00a0porteranno il lutto al braccio e inviteranno il pubblico a\u00a0donare attraverso il numero ufficiale della Protezione Civile.<\/p>\n<p>La fase dell'emergenza \u00e8 terminata\u00a0\"egregiamente: per la prima volta nella storia della Repubblica\u00a0un evento del genere non ha generato polemiche sui soccorsi\",\u00a0sui quali \"non c'\u00e8 nessuna ombra\". Cos\u00ec il presidente della Regione\u00a0Lazio Nicola Zingaretti al termine del vertice che si \u00e8 tenuto ieri alla Prefettura di Rieti. Ora per\u00f2, ha aggiunto il governatore, \u00e8 il momento di\u00a0concentrarsi \"sugli interventi che saranno necessari in futuro\"\u00a0per Accumoli e Amatrice, i due Comuni del Lazio semidistrutti\u00a0dal terremoto: si aprir\u00e0 la fase \"della ripresa della vita\". Al vertice era presente anche\u00a0il capo della Protezione civile Fabrizio\u00a0Curcio e le autorit\u00e0 locali: insieme hanno deciso lo \"stop\u00a0assoluto\" all'invio di nuovi generi di prima necessit\u00e0 nei due\u00a0Comuni. Nessun limite invece agli aiuti economici, con la\u00a0raccomandazione per\u00f2 di utilizzare solo canali ufficiali. Con un\u00a0quadro che si fa ogni giorno pi\u00f9 chiaro si iniziano a mettere\u00a0nuovi punti fermi alla macchina dei soccorsi. Le operazioni\u00a0saranno coordinate da un Centro allestito all'aeroporto\u00a0Ciuffelli di Rieti, dove peraltro stanno confluendo gi\u00e0 dalla\u00a0scorsa notte le salme delle vittime, conservate in container\u00a0refrigerati.<\/p>\n<p>Le attivit\u00e0 logistiche e di comunicazione potranno essere\u00a0svolte anche nella sede reatina di Porta Futuro (il centro\u00a0regionale per l'impiego), dotata di pc e connessione veloce,\u00a0messa a disposizione dal vicepresidente della Regione\u00a0Massimiliano Smeriglio su richiesta del sindaco Simone\u00a0Petrangeli. Per i sopravvissuti, invece, la Regione ha deciso di\u00a0portare a cinque i suoi campi di accoglienza: ai tre gi\u00e0\u00a0presenti ad Amatrice, Accumoli e Illica se ne aggiungono dunque\u00a0altri due nelle frazioni amatriciane di Scai e Sommati,\u00a0rispettivamente da 100 e 70 assistiti. In totale, dunque, i\u00a0campi regionali, grazie al lavoro di 423 volontari, stanno\u00a0assistendo circa 585 persone. Ad Amatrice, inoltre, la Regione\u00a0Lazio installer\u00e0 un ospedale da campo: vi lavoreranno i medici\u00a0del nosocomio locale, il 'Grifoni', totalmente inagibile.\u00a0Nell'ospedale da campo lavorer\u00e0 anche personale del 'De Lellis'\u00a0di Rieti, che nelle ultime 48 ore ha lavorato a ritmi\u00a0forsennati.<\/p>\n<p>Alle 17.13 di ieri, sono\u00a0state 1059 le scosse di\u00a0terremoto dalla notte del 24 agosto. Di\u00a0queste 220 si sono verificate nella sola giornata di ieri.\u00a0 Resta fermo il numero delle\u00a0persone tratte in salvo dalle macerie: sono 238 persone, di cui 215 salvati\u00a0dai Vigili del Fuoco e 23 dal Soccorso Alpino.<\/p>\n<p>Le vittime accertate sono, al momento sono 281. Nella sola Amatrice hanno perso la vita 221 persone, 49 le vittime ad\u00a0Arquata\u00a0e 11 ad Accumoli. Nella provincia di Ascoli Piceno non ci sono pi\u00f9 dispersi.<\/p>\n<p>Il Dipartimento della Protezione civile in\u00a0una nota ha diffuso l'importo della raccolta in corso con il numero solidale 45500: ha superato la cifra di\u00a02.563.352 euro.<\/p>\n<p>Il ministro delle Politiche agricole anticipa i\u00a0provvedimenti per le aziende agricole 958 le aziende agricole che operano nei 16 comuni dell'emergenza e che hanno subito dei danni dal sisma. Il ministro delle Politiche agricole alimentari e forestali,\u00a0Maurizio Martina, ha anticipato che\u00a0\"nel quadro delle prime azioni\u00a0necessarie a supporto dei territori del centro Italia\u00a0drammaticamente colpiti del terremoto abbiamo disposto,\u00a0tramite Agea, che entro il 15 settembre siano erogati i 5\u00a0milioni di euro di contributi europei Pac richiesti dalle 958\u00a0domande presentate dalle imprese agricole operanti nei 16 comuni\u00a0dell'emergenza individuati dalla Protezione civile\".<\/p>\n","protected":false},"excerpt":{"rendered":"<p>Ascoli Piceno, 27 Ago 2016 &#8211; Oggi \u00e8 la giornata dei funerali solenni ad Ascoli Piceno per le vittime marchigiane del terremoto. Alle 11.30 si&#8230;<\/p>\n","protected":false},"author":2,"featured_media":131375,"comment_status":"closed","ping_status":"closed","sticky":false,"template":"","format":"standard","meta":[],"categories":[49,50],"tags":[],"_links":{"self":[{"href":"https:\/\/www.cronacaonline.it\/index.php\/wp-json\/wp\/v2\/posts\/131374"}],"collection":[{"href":"https:\/\/www.cronacaonline.it\/index.php\/wp-json\/wp\/v2\/posts"}],"about":[{"href":"https:\/\/www.cronacaonline.it\/index.php\/wp-json\/wp\/v2\/types\/post"}],"author":[{"embeddable":true,"href":"https:\/\/www.cronacaonline.it\/index.php\/wp-json\/wp\/v2\/users\/2"}],"replies":[{"embeddable":true,"href":"https:\/\/www.cronacaonline.it\/index.php\/wp-json\/wp\/v2\/comments?post=131374"}],"version-history":[{"count":0,"href":"https:\/\/www.cronacaonline.it\/index.php\/wp-json\/wp\/v2\/posts\/131374\/revisions"}],"wp:featuredmedia":[{"embeddable":true,"href":"https:\/\/www.cronacaonline.it\/index.php\/wp-json\/wp\/v2\/media\/131375"}],"wp:attachment":[{"href":"https:\/\/www.cronacaonline.it\/index.php\/wp-json\/wp\/v2\/media?parent=131374"}],"wp:term":[{"taxonomy":"category","embeddable":true,"href":"https:\/\/www.cronacaonline.it\/index.php\/wp-json\/wp\/v2\/categories?post=131374"},{"taxonomy":"post_tag","embeddable":true,"href":"https:\/\/www.cronacaonline.it\/index.php\/wp-json\/wp\/v2\/tags?post=131374"}],"curies":[{"name":"wp","href":"https:\/\/api.w.org\/{rel}","templated":true}]}}