{"id":131203,"date":"2016-08-23T08:26:39","date_gmt":"2016-08-23T06:26:39","guid":{"rendered":"http:\/\/www.cronacaonline.it\/public\/content\/?p=131203"},"modified":"2016-08-23T08:26:39","modified_gmt":"2016-08-23T06:26:39","slug":"renzi-lue-non-e-finita-con-la-brexit-scriviamo-il-futuro","status":"publish","type":"post","link":"https:\/\/www.cronacaonline.it\/index.php\/2016\/08\/23\/renzi-lue-non-e-finita-con-la-brexit-scriviamo-il-futuro\/","title":{"rendered":"Renzi: l&#8217;Ue non \u00e8 finita con la brexit, scriviamo il futuro"},"content":{"rendered":"<p><strong>Ventotene 23 Ago 2016 <\/strong>- Il premier Matteo\u00a0Renzi in una conferenza stampa con la cancelliera tedesca Angela\u00a0Merkel e il presidente francese Fran\u00e7ois Hollande a bordo della\u00a0portaerei Garibaldi al largo di Ventotene ha detto che c'\u00e8 grande rispetto per la decisione della Gran Bretagna di uscire dall'Europa ma \"molti pensavano che dopo la Brexit l'Europa fosse finita, non \u00e8 cos\u00ec\" e \"abbiamo\u00a0voglia di scrivere il futuro\". \"Siamo\u00a0qui a Ventotene per dire che l'Ue \u00e8 la soluzione ai gravi\u00a0problemi del nostro tempo, mentre per i populisti \u00e8 la causa\u00a0di ogni problema. Non \u00e8 cos\u00ec: l'Europa \u00e8 la pi\u00f9 grande\u00a0opportunit\u00e0 che hanno le nuove generazioni\".\u00a0Per quanto riguarda il problema dell'immigrazione, ha detto il premier,\u00a0\"ad oggi sono arrivati 102mila\u00a0migranti sulle coste italiane, l'anno scorso erano 105mila al 20\u00a0di agosto. Con Angela e Francois pensiamo si possa fare di pi\u00f9\u00a0come Ue per bloccare le partenze e aiutare chi ha davvero\u00a0bisogno\".\u00a0In questo vertice, ha aggiunto Renzi, \"abbiamo una grande\u00a0attenzione ai giovani\". Nella vicina isola di Santo Stefano, ha spiegato il presidente del Consiglio, \"c'\u00e8 il\u00a0carcere che per gli italiani \u00e8 il luogo dove Sandro Pertini \u00e8\u00a0stato in prigione, Umberto Terracini \u00e8 stato in prigione. Per\u00a0gli Europei deve diventare qualcosa di diverso: l\u00ec nascer\u00e0 un\u00a0campus universitario con 99 celle che diventeranno 99 camere per\u00a0programmi di formazione delle nuove \u00e9lites europee\".<\/p>\n<p>Il presidente francese Fran\u00e7ois\u00a0Hollande ha preso la parola dopo Renzi e ha ringraziato, a nome dell'Ue, l'equipaggio della Garibaldi impegnato\u00a0nell'operazione Sophia nel\u00a0Mediterraneo.\u00a0\"Spetta all'Europa proteggersi ma\u00a0anche accogliere chi \u00e8 spinto all'esilio mettendo spesso a\u00a0rischio la propria vita\", ha aggiunto il presidente francese. Quindi, ha continuato Hollande,\u00a0\"dobbiamo proteggere meglio le\u00a0frontiere europee e condividere di pi\u00f9 le informazioni di\u00a0intelligence. Vogliamo anche maggior coordinamento, pi\u00f9 mezzi e\u00a0pi\u00f9 risorse nel settore della difesa\" europea. Per affrontare la crisi dei migranti\u00a0\"c'\u00e8 anche lo sviluppo. Desideriamo quindi che nei confronti con\u00a0l'Africa l'Ue sia pi\u00f9 presente\", ha aggiunto Hollande.\u00a0\"I nostri Paesi devono dare l'esempio\u00a0attraverso meccanismi di finanziamento, soprattutto nei\u00a0confronti del Paesi del Sael che sono maggiormente toccati\u00a0dall'emigrazione\".<\/p>\n<p>Inoltre sulla Brexit il presidente francese ha evidenziato c\"ha creato incertezza come dimostra il rallentamento\u00a0della crescita nel secondo trimestre, dobbiamo eliminare le\u00a0incertezze e dare un nuovo impulso\" facendo\u00a0riferimento agli\u00a0\"investimenti, al piano Juncker, che vanno prorogati e\u00a0bisogna aumentare anche gli investimenti privati\". Quindi, ha aggiunto,\u00a0\"abbiamo voluto riunirci qui per\u00a0dare un nuovo impulso\" all'Europa dopo la Brexit. Inoltre, l'Ue deve puntare pi\u00f9 risorse sul programma Erasmus e ampliare le possibilit\u00e0 di scambi universitari perch\u00e9 \"gli europei devono conoscersi meglio\", soprattutto i pi\u00f9 giovani.<\/p>\n<p>La cancelliera tedesca Angela Merkel ha ricordato che\u00a0\"l'Europa \u00e8 venuta da momenti bui ed\u00a0\u00e8 diventata una realt\u00e0. Questo \u00e8 il messaggio. Oggi noi dobbiamo\u00a0garantire un'Europa sicura e vivere secondo i nostri principi\". Sul problema della gestione dei migranti, la Merkel ha sottolineato come\u00a0\"la Germania ha cambiato la propria\u00a0posizione\". \"Per tanti anni siamo\u00a0stati contrari all'europeizzazione di questo tema, adesso invece\u00a0vogliamo pi\u00f9 cooperazione europea\". Quindi la cancelliera ha ribadito che\u00a0\"la Guardia costiera da sola non pu\u00f2\u00a0controllare i confini marittimi, dobbiamo fare ancora molto. La\u00a0cooperazione con la Turchia sui migranti \u00e8 giusta, altrimenti\u00a0non possiamo vincere la lotta con gli scafisti\".\u00a0Per la Merkel \"la cooperazione nella difesa deve esser approfondita e devono essere migliorati gli scambi di intelligence. Di fronte a sfide cos\u00ec grandi, ai tanti profughi che arrivano come in Italia dobbiamo migliorare il meccanismo di protezione delle frontiere\".<\/p>\n<p>Per rilanciare la crescita, la cancelliera ha offerto un'apertura alle richieste del governo italiano:\u00a0\"Credo che il patto di stabilit\u00e0 ha\u00a0molte possibilit\u00e0 di flessibilit\u00e0\" ma star\u00e0 alla Commissione Ue\u00a0confrontarsi gli Stati membri. \"Noi vogliamo che Italia\u00a0Francia e Germania crescano per creare posti di lavoro e creare\u00a0le condizioni per il futuro degli investimenti privati\", ha aggiunto.\u00a0\"In questo incontro affronteremo anche i temi dei posti di lavoro, della prosperit\u00e0 economica e della crescita. Parleremo di come dare futuro e lavoro alle persone\" ma occorre soprattutto, ha aggiunto, \"parlare del futuro dei giovani. \u00a0Dobbiamo fare in modo che i giovani portino nel mondo l'insegnamento dell'Europa\".<\/p>\n<p>Renzi, nel primo pomeriggio, aveva accolto\u00a0con gli onori militari all'aeroporto Capodichino di Napoli Merkel e Fran\u00e7ois Hollande con i quali hanno raggiunto in elicottero l'isola di Ventotene. Dopo aver\u00a0reso omaggio alla tomba di Altiero Spinelli i tre leader europei sono arrivati sulla portaerei Garibaldi per il vertice. Dopo la conferenza stampa, i tre leader europei hanno cenato insieme a bordo della nave Garibaldi.<\/p>\n<p>La nuova Ue deve ripartire da\u00a0Ventotene, soprattutto dallo spirito di padri dell'Europa come\u00a0Altiero Spinelli che in quell'isola, tra il 1941 e il 1944,\u00a0partorirono il manifesto \"Per un'Europa libera e unita\".\u00a0Questa,\u00a0almeno, \u00e8 la convinzione del presidente del Consiglio, Matteo\u00a0Renzi, che da mesi ha organizzato il vertice con Merkel e Hollande, scegliendo come sede proprio\u00a0l'isola-simbolo del progetto europeista.<\/p>\n<p>Simbolica \u00e8 stata anche la scelta della nave che ha ospitato il vertice,\u00a0la portaerei Garibaldi, da mesi impegnata nelle operazioni Ue\u00a0\"search and rescue\" nei mari davanti alla Libia, sulle rotte dei\u00a0migranti. Altro tema, nelle intenzioni di Renzi, che deve\u00a0contraddistinguere una diversa idea di Europa, pi\u00f9 attenta ai\u00a0valori umani e solidale verso gli stati membri pi\u00f9 esposti a\u00a0emergenze come quelle delle migrazioni.<\/p>\n<p>La Brexit, del resto, sta creando problemi a tutte le economie\u00a0del continente, compresa ovviamente l'Italia, le banche del Paese\u00a0sono sotto attacco sui mercati, e davvero i prossimi mesi saranno\u00a0\"decisivi\", come ripete Renzi. Una sintonia tra i tre Paesi,\u00a0sulla gestione dell'uscita della Gb ma anche sulla gestione dei\u00a0conti pubblici nel prossimo futuro, \u00e8 fondamentale per\u00a0rilanciare l'Europa su basi nuove. Soprattutto, Renzi ne \u00e8\u00a0convinto, in queste condizioni neanche la Germania pu\u00f2\u00a0permettersi di lasciare al proprio destino un Paese come\u00a0l'Italia.<\/p>\n","protected":false},"excerpt":{"rendered":"<p>Ventotene 23 Ago 2016 &#8211; Il premier Matteo\u00a0Renzi in una conferenza stampa con la cancelliera tedesca Angela\u00a0Merkel e il presidente francese Fran\u00e7ois Hollande a bordo&#8230;<\/p>\n","protected":false},"author":2,"featured_media":131197,"comment_status":"closed","ping_status":"closed","sticky":false,"template":"","format":"standard","meta":[],"categories":[49,50],"tags":[],"_links":{"self":[{"href":"https:\/\/www.cronacaonline.it\/index.php\/wp-json\/wp\/v2\/posts\/131203"}],"collection":[{"href":"https:\/\/www.cronacaonline.it\/index.php\/wp-json\/wp\/v2\/posts"}],"about":[{"href":"https:\/\/www.cronacaonline.it\/index.php\/wp-json\/wp\/v2\/types\/post"}],"author":[{"embeddable":true,"href":"https:\/\/www.cronacaonline.it\/index.php\/wp-json\/wp\/v2\/users\/2"}],"replies":[{"embeddable":true,"href":"https:\/\/www.cronacaonline.it\/index.php\/wp-json\/wp\/v2\/comments?post=131203"}],"version-history":[{"count":0,"href":"https:\/\/www.cronacaonline.it\/index.php\/wp-json\/wp\/v2\/posts\/131203\/revisions"}],"wp:featuredmedia":[{"embeddable":true,"href":"https:\/\/www.cronacaonline.it\/index.php\/wp-json\/wp\/v2\/media\/131197"}],"wp:attachment":[{"href":"https:\/\/www.cronacaonline.it\/index.php\/wp-json\/wp\/v2\/media?parent=131203"}],"wp:term":[{"taxonomy":"category","embeddable":true,"href":"https:\/\/www.cronacaonline.it\/index.php\/wp-json\/wp\/v2\/categories?post=131203"},{"taxonomy":"post_tag","embeddable":true,"href":"https:\/\/www.cronacaonline.it\/index.php\/wp-json\/wp\/v2\/tags?post=131203"}],"curies":[{"name":"wp","href":"https:\/\/api.w.org\/{rel}","templated":true}]}}