{"id":130971,"date":"2016-08-16T09:02:41","date_gmt":"2016-08-16T07:02:41","guid":{"rendered":"http:\/\/www.cronacaonline.it\/public\/content\/?p=130971"},"modified":"2016-08-16T09:02:41","modified_gmt":"2016-08-16T07:02:41","slug":"elia-viviani-oro-nellomnium-il-ciclismo-su-pista-azzurro-festeggia-dopo-20-anni","status":"publish","type":"post","link":"https:\/\/www.cronacaonline.it\/index.php\/2016\/08\/16\/elia-viviani-oro-nellomnium-il-ciclismo-su-pista-azzurro-festeggia-dopo-20-anni\/","title":{"rendered":"Elia Viviani oro nell&#8217;omnium. Il ciclismo su pista azzurro festeggia dopo 20 anni"},"content":{"rendered":"<p><strong>Rio De Janeiro, 16 Ago 2016 - <\/strong>Classe e coraggio superiori alla sfortuna. Elia Viviani si prende l'oro dell'Omnium con una gestione perfetta delle sei prove che compongono questa specialit\u00e0 del ciclismo su pista. Un oro che alla pista azzurra mancava da Atlanta '96, mentre l'ultimo podio risaliva a Sydney. Il veneto comincia col settimo posto nello scratch, poi \u00e8 terzo nell'inseguimento e primo nell'eliminazione. Chiuso il primo giorno al secondo posto, riparte col terzo posto nella prova a tempo. Poi il secondo nel giro lanciato. Dopo cinque prove si \u00e8 messo tutti alle spalle.<\/p>\n<p>Ma la corsa a punti \u00e8 fatta per rivoluzionare le classifiche. Viviani parte bene, vince uno sprint e muove la classifica in quattro consecutivi. Non marca la medaglia d'oro di Londra che, attardato in classifica, si riporta sotto guadagnando il giro. Il vero problema \u00e8 al 52\u00b0 giro, quando il coreano Park cade urtandosi con Cavendish e si trascina dietro l'azzurro. L'asiatico deve ritirarsi, il veneto riparte. Prima con prudenza, poi, con pedalata sciolta ed elastica, sempre pi\u00f9 determinato. Si profila una lotta a tre con Cavendish e Hansen. I giri passano e Viviani capisce quando \u00e8 il momento di colpire. Vince il terzultimo sprint, controlla il penultimo e festeggia in pista nei restanti dieci giri perch\u00e9 l'oro \u00e8 cosa fatta.<\/p>\n<p>\"Ho vinto la corsa pi\u00f9 importante della mia vita, era da quattro anni che pensavo solo a questa medaglia. \u00c8 vero che bisognava accontentarsi dell'argento e del bronzo, ma volevo l'oro\", ha detto Viviani appena sceso dalla bicicletta. Vendicato il sesto posto di Londra.\u00a0\"Penso che qui si chiuda un primo capitolo della mia carriera -aggiunge-. Far\u00f2 sempre parte della pista ma avr\u00f2 altri obiettivi. Direi che andarmene su strada con questa medaglia sia la cosa pi\u00f9 bella\". Il miglior complimento gli arriva da Mark Cavendish: \"Sono felice per il mio\u00a0argento, Viviani ha fatto una gara da fenomeno.\u00a0Elia ha fatto cose bellissime in\u00a0tutti e due i giorni, ho fatto tutto il possibile per recuperare\u00a0ma lui \u00e8 stato un fenomeno\".<\/p>\n","protected":false},"excerpt":{"rendered":"<p>Rio De Janeiro, 16 Ago 2016 &#8211; Classe e coraggio superiori alla sfortuna. Elia Viviani si prende l&#8217;oro dell&#8217;Omnium con una gestione perfetta delle sei&#8230;<\/p>\n","protected":false},"author":2,"featured_media":130972,"comment_status":"closed","ping_status":"closed","sticky":false,"template":"","format":"standard","meta":[],"categories":[49,50,56],"tags":[],"_links":{"self":[{"href":"https:\/\/www.cronacaonline.it\/index.php\/wp-json\/wp\/v2\/posts\/130971"}],"collection":[{"href":"https:\/\/www.cronacaonline.it\/index.php\/wp-json\/wp\/v2\/posts"}],"about":[{"href":"https:\/\/www.cronacaonline.it\/index.php\/wp-json\/wp\/v2\/types\/post"}],"author":[{"embeddable":true,"href":"https:\/\/www.cronacaonline.it\/index.php\/wp-json\/wp\/v2\/users\/2"}],"replies":[{"embeddable":true,"href":"https:\/\/www.cronacaonline.it\/index.php\/wp-json\/wp\/v2\/comments?post=130971"}],"version-history":[{"count":0,"href":"https:\/\/www.cronacaonline.it\/index.php\/wp-json\/wp\/v2\/posts\/130971\/revisions"}],"wp:featuredmedia":[{"embeddable":true,"href":"https:\/\/www.cronacaonline.it\/index.php\/wp-json\/wp\/v2\/media\/130972"}],"wp:attachment":[{"href":"https:\/\/www.cronacaonline.it\/index.php\/wp-json\/wp\/v2\/media?parent=130971"}],"wp:term":[{"taxonomy":"category","embeddable":true,"href":"https:\/\/www.cronacaonline.it\/index.php\/wp-json\/wp\/v2\/categories?post=130971"},{"taxonomy":"post_tag","embeddable":true,"href":"https:\/\/www.cronacaonline.it\/index.php\/wp-json\/wp\/v2\/tags?post=130971"}],"curies":[{"name":"wp","href":"https:\/\/api.w.org\/{rel}","templated":true}]}}