{"id":130925,"date":"2016-08-13T11:41:15","date_gmt":"2016-08-13T09:41:15","guid":{"rendered":"http:\/\/www.cronacaonline.it\/public\/content\/?p=130925"},"modified":"2016-08-13T11:41:15","modified_gmt":"2016-08-13T09:41:15","slug":"in-siria-le-forze-curde-conquistano-manbij-roccaforte-isis-dopo-3-mesi-di-combattimenti","status":"publish","type":"post","link":"https:\/\/www.cronacaonline.it\/index.php\/2016\/08\/13\/in-siria-le-forze-curde-conquistano-manbij-roccaforte-isis-dopo-3-mesi-di-combattimenti\/","title":{"rendered":"In Siria, le forze curde conquistano Manbij, roccaforte Isis, dopo 3 mesi di combattimenti"},"content":{"rendered":"<p>Siria, 13 Ago 2016 - Le Forze democratiche della Siria (Fsd), alleanza curdo-araba appoggiata dagli Stati Uniti, hanno preso il controllo dell'ultimo bastione dello Stato Islamico a Manbij, una delle citt\u00e0 roccaforti dei jihadisti nella provincia di Aleppo. \u00a0\"Abbiamo preso il pieno controllo della citt\u00e0\u00a0di Manbij\", bastione dello Stato islamico (Isis) in Siria. A dare l'annuncio alla tv satellitare al Jazeera \u00e8 stato il comandante del Consiglio Militare di Manbij, Adnan Abu Amjad.\u00a0Subito dopo per\u00f2 dal quartier generale delle forze curdo-siriane \u00e8 arrivata una precisazione secondo la quale la citt\u00e0 \"non \u00e8 del tutto liberata, ma si combatte ancora\".<\/p>\n<p>Non \u00e8 quindi ancora del tutto chiara la situazione a Manbij, strategica citt\u00e0\u00a0nel Nord della Siria che si trova sull'arteria stradale unica via di rifornimento a Raqqa, capitale siriana del\u00a0califfato nero, dalla Turchia. Dopo la notizia data della liberazione data dall'emittente del Qatar, le Forze democratiche siriane (SDS), un'alleanza arabo-curda dominata dalle unit\u00e0 di\u00a0Difesa del Popolo curdo (Ypg), hanno postato sulla loro pagina Facebook, la precisazione: \"Shirvan Darwish, portavoce del Consiglio militare di Manbij\u00a0smentisce le voci della completa\u00a0liberazione della citt\u00e0\u00a0afferma che queste sono prive di fondamento e gli scontri sono ancora in corso con i terroristi\".<\/p>\n<p>Sono stati liberati i 2000 ostaggi civili che i jihadisti avevano catturato durante la loro ritirata dalla citt\u00e0 per essere usati come scudi umani. I miliziani si erano quindi diretti verso la citt\u00e0 di Jarablous, una roccaforte dell'Isis nella provincia di Aleppo, situata a una quarantina di chilometri a nord di Manbij, verso la frontiera turca.<\/p>\n<p>Intanto, le forze dell'alleanza curdo-araba continuano a rastrellare il quartiere di al-Sirb, l'ultima sacca di resistenza degli jihadisti. Manbij era uno dei bastioni dell'Isis sulla rotta dei rifornimenti tra la Turchia e Raqqa. L'assalto via terra, sostenuto dai bombardamenti della\u00a0coalizione internazionale, \u00e8 iniziato alla fine di maggio, ma l'offensiva \u00e8 stata rallentata dalla dura risposta dei combattenti del Califfato, che hanno usato mine e kamikaze per fermare l'avanzata. La scorsa settimana le forze curdo-arabe hanno lanciato l'ultimo assalto che ha permesso di liberare il 90% della citt\u00e0. Secondo l'Osservatorio siriano per i diritti umani, la battaglia per Manbij \u00e8 costata la vita a 437 civili, tra cui 105 bambini, 299 combattenti Sdf e 1.019 jihadisti.<\/p>\n","protected":false},"excerpt":{"rendered":"<p>Siria, 13 Ago 2016 &#8211; Le Forze democratiche della Siria (Fsd), alleanza curdo-araba appoggiata dagli Stati Uniti, hanno preso il controllo dell&#8217;ultimo bastione dello Stato&#8230;<\/p>\n","protected":false},"author":2,"featured_media":130926,"comment_status":"closed","ping_status":"closed","sticky":false,"template":"","format":"standard","meta":[],"categories":[49,50],"tags":[],"_links":{"self":[{"href":"https:\/\/www.cronacaonline.it\/index.php\/wp-json\/wp\/v2\/posts\/130925"}],"collection":[{"href":"https:\/\/www.cronacaonline.it\/index.php\/wp-json\/wp\/v2\/posts"}],"about":[{"href":"https:\/\/www.cronacaonline.it\/index.php\/wp-json\/wp\/v2\/types\/post"}],"author":[{"embeddable":true,"href":"https:\/\/www.cronacaonline.it\/index.php\/wp-json\/wp\/v2\/users\/2"}],"replies":[{"embeddable":true,"href":"https:\/\/www.cronacaonline.it\/index.php\/wp-json\/wp\/v2\/comments?post=130925"}],"version-history":[{"count":0,"href":"https:\/\/www.cronacaonline.it\/index.php\/wp-json\/wp\/v2\/posts\/130925\/revisions"}],"wp:featuredmedia":[{"embeddable":true,"href":"https:\/\/www.cronacaonline.it\/index.php\/wp-json\/wp\/v2\/media\/130926"}],"wp:attachment":[{"href":"https:\/\/www.cronacaonline.it\/index.php\/wp-json\/wp\/v2\/media?parent=130925"}],"wp:term":[{"taxonomy":"category","embeddable":true,"href":"https:\/\/www.cronacaonline.it\/index.php\/wp-json\/wp\/v2\/categories?post=130925"},{"taxonomy":"post_tag","embeddable":true,"href":"https:\/\/www.cronacaonline.it\/index.php\/wp-json\/wp\/v2\/tags?post=130925"}],"curies":[{"name":"wp","href":"https:\/\/api.w.org\/{rel}","templated":true}]}}