{"id":130650,"date":"2016-08-06T10:49:28","date_gmt":"2016-08-06T08:49:28","guid":{"rendered":"http:\/\/www.cronacaonline.it\/public\/content\/?p=130650"},"modified":"2016-08-06T10:49:28","modified_gmt":"2016-08-06T08:49:28","slug":"rio2016-la-grande-festa-al-marcana-si-alza-il-sipario-sui-giochi-olimpici","status":"publish","type":"post","link":"https:\/\/www.cronacaonline.it\/index.php\/2016\/08\/06\/rio2016-la-grande-festa-al-marcana-si-alza-il-sipario-sui-giochi-olimpici\/","title":{"rendered":"Rio2016 &#8211; La grande festa al Marcan\u00e0, si alza il sipario sui giochi olimpici"},"content":{"rendered":"<p>Rio De Janeiro (Brasile), 6 Ago 2016 - Maestosa, spumeggiante, emozionante, sorprendente, colorata, ricca di contenuti e messaggi per il mondo e soprattutto tanta, tanta musica. La si pu\u00f2 riassumere cos\u00ec la cerimonia d'apertura dei XXXI Giochi olimpici estivi di Rio de Janeiro, i primi della storia in America Latina, tenutasi nella notte nella \"Ciudad Maravilhosa\" ai piedi del Corcovado.<\/p>\n<p>Come sempre molto sentita, toccante e divertente \u00e8 stata la sfilata delle squadre (207) che da oggi saranno impegnate nelle competizioni. Lo spettacolo ha riservato un colpo d'occhio davvero favoloso con oltre 87mila persone a fare da cornice sugli spalti del mitico Maracana', il \"tempio\" del calcio, la casa del millesimo gol del mito Pele'. \u00a0Elegante, accolta da uno scrosciante applauso e numerosa, la squadra italiana dell'alfiere Federica Pellegrini emozionata ma felice ed orgogliosa nello sventolare il tricolore. In piedi ad applaudire la delegazione azzurra, c'era un altrettanto orgoglioso premier Matteo Renzi accompagnato dalla moglie Agnese e dal figlio Emanuele.<\/p>\n<p>Ad accogliere l'invito a presenziare del presidente del Cio, Thomas Bach c'erano, tra gli altri il segretario generale dell'Onu, Ban ki-Moon, il presidente ad interim del Brasile, Michel Temer e quello francese Francois Hollande. Gli Stati Uniti erano rappresentati dal segretario di Stato, John Kerry, mentre a salutare la delegazione della Russia, Mikhail Kusnirovich, fondatore della Bosco Ciliegi.<\/p>\n<p>In apertura di cerimonia tanti giochi di luce e spettacolari coreografie. La prima era legata all'acqua, alle onde dell'Oceano, quindi l'entrata in scena di giganti molluschi \"meccanici\" a formare con luci laser la foresta amazzonica, poi l'arrivo degli Indios e le tre caravelle a simbolizzare la colonizzazione degli europei. L'ultima coreografia quella legata all'edificazione delle grandi citt\u00e0 brasiliane senza dimenticare le favelas. Tra i 4000 volontari, molti provenivano proprio dalle zone pi\u00f9 disagiate di Rio. La musica \u00e8 passata dalla bossa nova alla samba ed \u00e8 sempre stata protagonista. Elegante e maestosa \u00e8 stata la passerella della modella brasiliana Gisele Buendchen sulle note del brano \"Garota de Ipanema\" di Vinicius de Moraes e Antonio Carlos Jobin.<\/p>\n<p>Un momento che non verr\u00e0 dimenticato, l'inno brasiliano cantato da Paulinho da Viola, voce e chitarra storica della musica popolare carioca. Colorata nei loro costumi, culla delle rispettive tradizioni e sentita dagli atleti e dal pubblico, la sfilata delle Nazioni aperta dalla Grecia, paese che 120 anni fa tenne a battesimo la magia delle Olimpiadi, e conclusa con l'ingresso al Maracan\u00e0 della delegazione del Brasile, Paese ospitante. Poco prima aveva sfilato per la prima volta alle Olimpiadi la squadra dei rifugiati. Composte ed eleganti le sfilate delle delegazioni delle Repubbliche islamiche, dall'Arabia Saudita al Turkmenistan. Sempre d'impatto gli abiti delle Nazioni esotiche come Tonga, Bermuda, alcuni Paesi centroafricani e delle isole dell'Oceania. Ad accendere il fuoco di Olimpia sul tripode del Maracan\u00e0, \u00e8 stato il maratoneta Vanderlei de Lima, bronzo ad Atene 2004 nella gara vinta dall'azzurro Stefano Baldini.<\/p>\n<p>Intanto oggi la prima giornata dei Giochi Olimpici di Rio 2016 segna l'avvio del programma di scherma. La Carioca Arena 3 accoglier\u00e0 infatti la prima gara, quella di spada femminile. La caccia alle prime medaglie individuali vedr\u00e0 protagonista, per i colori azzurri, Rossella Fiamingo. La 25enne siciliana di San Giovanni la Punta arriva sulle pedane olimpiche con al collo i titoli iridati 2014 e 2015, ma al termine di una stagione di Coppa del Mondo dove \u00e8 mancato l'acuto. \u00a0 L'esordio per lei \u00e8 previsto nel tabellone delle 32 alle ore 11.45 brasiliane (le 16.45 in Italia). L'azzurra, testa di serie numero 4 del tabellone, se la vedr\u00e0, sulla pedana rossa, contro la vincente del match precedente tra la romena Simona Pop e la canadese Leonora Mackinnon.<\/p>\n","protected":false},"excerpt":{"rendered":"<p>Rio De Janeiro (Brasile), 6 Ago 2016 &#8211; Maestosa, spumeggiante, emozionante, sorprendente, colorata, ricca di contenuti e messaggi per il mondo e soprattutto tanta, tanta&#8230;<\/p>\n","protected":false},"author":2,"featured_media":130651,"comment_status":"closed","ping_status":"closed","sticky":false,"template":"","format":"standard","meta":[],"categories":[49,50],"tags":[],"_links":{"self":[{"href":"https:\/\/www.cronacaonline.it\/index.php\/wp-json\/wp\/v2\/posts\/130650"}],"collection":[{"href":"https:\/\/www.cronacaonline.it\/index.php\/wp-json\/wp\/v2\/posts"}],"about":[{"href":"https:\/\/www.cronacaonline.it\/index.php\/wp-json\/wp\/v2\/types\/post"}],"author":[{"embeddable":true,"href":"https:\/\/www.cronacaonline.it\/index.php\/wp-json\/wp\/v2\/users\/2"}],"replies":[{"embeddable":true,"href":"https:\/\/www.cronacaonline.it\/index.php\/wp-json\/wp\/v2\/comments?post=130650"}],"version-history":[{"count":0,"href":"https:\/\/www.cronacaonline.it\/index.php\/wp-json\/wp\/v2\/posts\/130650\/revisions"}],"wp:featuredmedia":[{"embeddable":true,"href":"https:\/\/www.cronacaonline.it\/index.php\/wp-json\/wp\/v2\/media\/130651"}],"wp:attachment":[{"href":"https:\/\/www.cronacaonline.it\/index.php\/wp-json\/wp\/v2\/media?parent=130650"}],"wp:term":[{"taxonomy":"category","embeddable":true,"href":"https:\/\/www.cronacaonline.it\/index.php\/wp-json\/wp\/v2\/categories?post=130650"},{"taxonomy":"post_tag","embeddable":true,"href":"https:\/\/www.cronacaonline.it\/index.php\/wp-json\/wp\/v2\/tags?post=130650"}],"curies":[{"name":"wp","href":"https:\/\/api.w.org\/{rel}","templated":true}]}}