{"id":130473,"date":"2016-08-02T18:39:39","date_gmt":"2016-08-02T16:39:39","guid":{"rendered":"http:\/\/www.cronacaonline.it\/public\/content\/?p=130473"},"modified":"2016-08-02T18:39:39","modified_gmt":"2016-08-02T16:39:39","slug":"ambiente-dalla-giunta-i-contributi-per-i-comuni-colpiti-da-calamita-naturali-e-interventi-per-il-volontariato-di-protezione-civile","status":"publish","type":"post","link":"https:\/\/www.cronacaonline.it\/index.php\/2016\/08\/02\/ambiente-dalla-giunta-i-contributi-per-i-comuni-colpiti-da-calamita-naturali-e-interventi-per-il-volontariato-di-protezione-civile\/","title":{"rendered":"Ambiente, dalla giunta i contributi per i comuni colpiti da calamit\u00e0 naturali e interventi per il volontariato di protezione civile"},"content":{"rendered":"<p>Cagliari, 2 Ago 2016 -\u00a0Con un programma di spesa di quasi un milione e mezzo, la Giunta, su proposta dell\u2019assessore della Difesa dell\u2019Ambiente Donatella Spano, ha deciso di intervenire a favore dei Comuni in cui si sono verificate calamit\u00e0 naturali negli anni 2014 e 2015. In particolare, \u00e8 stata disposta l\u2019erogazione del contributo del 100% delle spese rendicontate a favore dei 13 Comuni interessati da calamit\u00e0 naturali nel corso dell\u2019anno 2015 (Orosei, Elini, Buddus\u00f2, San Vito, Tertenia, Sinnai, Seulo, Mandas, Escolca, Tuili, Golfo Aranci, Posada e Siniscola), per un importo complessivo di 975.590,30 euro e il saldo, pari al restante 43,29% delle spese, a favore dei Comuni di Sorso, Santa Teresa di Gallura, Villagrande Strisaili, Ulassai e Montresta, per un importo complessivo di 457.905,96 euro.<\/p>\n<p>\u201cCon questo provvedimento, nonostante le contenute risorse a disposizione, siamo riuscititi a rimborsare le spese sostenute dai Comuni per i danni causati da alluvioni anche per l\u2019annualit\u00e0 2014, questo anche grazie alla buona rendicontazione degli enti locali\u201d, dichiara l\u2019assessore Spano.<\/p>\n<p>Largo spazio inoltre, in Giunta, a interventi sul volontariato di protezione civile, per il quale sono stati assunti provvedimenti molto attesi e frutto di un intenso dialogo con i rappresentati del volontariato. La Giunta ha infatti riconosciuto alla Rappresentanza del Volontariato di Protezione Civile Regionale la funzione di organismo consultivo nei confronti del presidente della Giunta regionale, dell\u2019assessore competente e degli uffici di Protezione civile, in tutte le questioni concernenti l\u2019attivit\u00e0 di previsione, prevenzione, soccorso ed informazione, ed ha adottato le disposizioni che ne regolamentano funzioni e ruolo. Inoltre, in materia di contributi, per l\u2019annualit\u00e0 2016, sono stati programmati 1,1 milioni in favore delle Organizzazioni di volontariato di protezione civile regolarmente iscritte all\u2019elenco regionale da almeno 6 mesi, per l\u2019acquisto di mezzi, materiali, attrezzature e\/o equipaggiamenti, manutenzioni straordinarie di mezzi e attrezzature e rimborsi delle spese sostenute nel 2015 per assicurazione dei soci operativi contro gli infortuni, per la malattia e la responsabilit\u00e0 civile verso terzi.<\/p>\n<p>\u201cTocchiamo ogni giorno con mano quanto il volontariato sia essenziale per il Sistema regionale di protezione civile, e il costante confronto con questa componente permette un arricchimento nella programmazione della strategia regionale su questa tematica\u201d, prosegue l\u2019assessore.<\/p>\n<p>Di concerto con l\u2019assessore della Sanit\u00e0 Luigi Arru, \u00e8 stato infine previsto di inserire la categoria Socio Sanitaria e Veterinaria in aggiunta alle cinque gi\u00e0 previste nell\u2019elenco regionale del volontariato.<\/p>\n","protected":false},"excerpt":{"rendered":"<p>Cagliari, 2 Ago 2016 &#8211;\u00a0Con un programma di spesa di quasi un milione e mezzo, la Giunta, su proposta dell\u2019assessore della Difesa dell\u2019Ambiente Donatella Spano,&#8230;<\/p>\n","protected":false},"author":2,"featured_media":72561,"comment_status":"closed","ping_status":"closed","sticky":false,"template":"","format":"standard","meta":[],"categories":[49,52],"tags":[],"_links":{"self":[{"href":"https:\/\/www.cronacaonline.it\/index.php\/wp-json\/wp\/v2\/posts\/130473"}],"collection":[{"href":"https:\/\/www.cronacaonline.it\/index.php\/wp-json\/wp\/v2\/posts"}],"about":[{"href":"https:\/\/www.cronacaonline.it\/index.php\/wp-json\/wp\/v2\/types\/post"}],"author":[{"embeddable":true,"href":"https:\/\/www.cronacaonline.it\/index.php\/wp-json\/wp\/v2\/users\/2"}],"replies":[{"embeddable":true,"href":"https:\/\/www.cronacaonline.it\/index.php\/wp-json\/wp\/v2\/comments?post=130473"}],"version-history":[{"count":0,"href":"https:\/\/www.cronacaonline.it\/index.php\/wp-json\/wp\/v2\/posts\/130473\/revisions"}],"wp:featuredmedia":[{"embeddable":true,"href":"https:\/\/www.cronacaonline.it\/index.php\/wp-json\/"}],"wp:attachment":[{"href":"https:\/\/www.cronacaonline.it\/index.php\/wp-json\/wp\/v2\/media?parent=130473"}],"wp:term":[{"taxonomy":"category","embeddable":true,"href":"https:\/\/www.cronacaonline.it\/index.php\/wp-json\/wp\/v2\/categories?post=130473"},{"taxonomy":"post_tag","embeddable":true,"href":"https:\/\/www.cronacaonline.it\/index.php\/wp-json\/wp\/v2\/tags?post=130473"}],"curies":[{"name":"wp","href":"https:\/\/api.w.org\/{rel}","templated":true}]}}