{"id":130471,"date":"2016-08-02T17:57:02","date_gmt":"2016-08-02T15:57:02","guid":{"rendered":"http:\/\/www.cronacaonline.it\/public\/content\/?p=130471"},"modified":"2016-08-02T17:57:02","modified_gmt":"2016-08-02T15:57:02","slug":"attilio-dedoni-riformatori-campagna-antincendio-mancata-convenzione-con-vigili-del-fuoco-e-un-fatto-gravissimo","status":"publish","type":"post","link":"https:\/\/www.cronacaonline.it\/index.php\/2016\/08\/02\/attilio-dedoni-riformatori-campagna-antincendio-mancata-convenzione-con-vigili-del-fuoco-e-un-fatto-gravissimo\/","title":{"rendered":"Attilio Dedoni (Riformatori), campagna antincendio: mancata convenzione con Vigili del Fuoco \u00e8 un fatto gravissimo"},"content":{"rendered":"<p>Cagliari, 2 Ago 2016 - \u201cLa mancata firma della convenzione con i Vigili del Fuoco \u00e8 un fatto gravissimo, che da solo basta a dimostrare la superficialit\u00e0 e l\u2019irresponsabilit\u00e0 con cui la Giunta regionale sta affrontando la campagna antincendio per il 2016. Le difese d\u2019ufficio accampate dall\u2019Assessore all\u2019Ambiente, chiamando in causa i vertici delle forze che giornalmente si prodigano sul campo per cercare di fare fronte alle troppe omissioni della parte politica, possono poco davanti a un simile disastro. La Sardegna si \u00e8 presentata indifesa all\u2019inevitabile appuntamento con gli incendiari ed \u00e8 ora che chi ha la paternit\u00e0 di scelte politiche tanto scellerate se ne assuma la responsabilit\u00e0\u201d, dichiara il capogruppo dei Riformatori Sardi \u2013 Liberaldemocratici in Consiglio regionale, Attilio Dedoni.<\/p>\n<p>\u201c\u00c8 ridicolo che, nel 2016, si pensi ancora di poter finanziare la convenzione annuale con i Vigili del Fuoco con appena 600 mila euro\u201d, sottolinea Dedoni. \u201cE\u2019 la medesima cifra che viene stanziata da anni, la Giunta non si \u00e8 degnata neanche di adeguarla ai parametri Istat o al tasso di inflazione. Non solo, per quest\u2019anno ha pensato bene di farci pure la cresta, trattenendo 170 mila euro per acquistare quattro fuoristrada per s\u00e9, salvo poi cederli in prestito al Corpo dello Stato per il tempo strettamente necessario allo spegnimento dei roghi, magari con l\u2019impegno a restituirli lavati, lucidati, senza un graffio e con il serbatoio pieno. Per il pagamento degli straordinari al personale resterebbero cos\u00ec 430 mila euro, persino meno di quanto stanziato negli anni passati. Se si pensa che, nella macchina regionale dell\u2019antincendio, il compito dei Vigili del Fuoco \u00e8 quello di proteggere i centri abitati minacciati dalle fiamme, ci si rende facilmente conto della gravit\u00e0 di un simile atteggiamento da parte della Regione. Meno male che l\u2019incendio al Parco di Terramaini \u00e8 divampato in orario d\u2019ufficio, altrimenti i cittadini cagliaritani avrebbero rischiato di ritrovarsi da soli a fronteggiare il fuoco\u201d.<\/p>\n<p>\u201cDa tempo stiamo chiedendo che l\u2019Assessore all\u2019Ambiente riferisca in Aula sulle troppe inefficienze che si stanno riscontrando in questa campagna antincendio, che sono il frutto di una programmazione carente e del cinico tentativo di risparmiare risorse da parte della Giunta regionale\u201d, conclude il capogruppo. \u201cFinora abbiamo assistito solo a una conferenza stampa in cui l\u2019Assessore ha preso le difese delle forze impegnate sul campo, che nessuno ha mai criticato, con l\u2019evidente intento di coinvolgerle nelle sue responsabilit\u00e0. L\u2019esecutivo farebbe bene a dimostrare con i fatti di avere rispetto per chi ogni giorno rischia la vita per difendere la nostra terra, stanziando risorse vere per finanziare la campagna e affidando la sua pianificazione a persone competenti e capaci\u201d. Com<\/p>\n<p><strong>\u00a0<\/strong><\/p>\n","protected":false},"excerpt":{"rendered":"<p>Cagliari, 2 Ago 2016 &#8211; \u201cLa mancata firma della convenzione con i Vigili del Fuoco \u00e8 un fatto gravissimo, che da solo basta a dimostrare&#8230;<\/p>\n","protected":false},"author":2,"featured_media":25559,"comment_status":"closed","ping_status":"closed","sticky":false,"template":"","format":"standard","meta":[],"categories":[49,52],"tags":[],"_links":{"self":[{"href":"https:\/\/www.cronacaonline.it\/index.php\/wp-json\/wp\/v2\/posts\/130471"}],"collection":[{"href":"https:\/\/www.cronacaonline.it\/index.php\/wp-json\/wp\/v2\/posts"}],"about":[{"href":"https:\/\/www.cronacaonline.it\/index.php\/wp-json\/wp\/v2\/types\/post"}],"author":[{"embeddable":true,"href":"https:\/\/www.cronacaonline.it\/index.php\/wp-json\/wp\/v2\/users\/2"}],"replies":[{"embeddable":true,"href":"https:\/\/www.cronacaonline.it\/index.php\/wp-json\/wp\/v2\/comments?post=130471"}],"version-history":[{"count":0,"href":"https:\/\/www.cronacaonline.it\/index.php\/wp-json\/wp\/v2\/posts\/130471\/revisions"}],"wp:featuredmedia":[{"embeddable":true,"href":"https:\/\/www.cronacaonline.it\/index.php\/wp-json\/"}],"wp:attachment":[{"href":"https:\/\/www.cronacaonline.it\/index.php\/wp-json\/wp\/v2\/media?parent=130471"}],"wp:term":[{"taxonomy":"category","embeddable":true,"href":"https:\/\/www.cronacaonline.it\/index.php\/wp-json\/wp\/v2\/categories?post=130471"},{"taxonomy":"post_tag","embeddable":true,"href":"https:\/\/www.cronacaonline.it\/index.php\/wp-json\/wp\/v2\/tags?post=130471"}],"curies":[{"name":"wp","href":"https:\/\/api.w.org\/{rel}","templated":true}]}}