{"id":130469,"date":"2016-08-02T17:53:50","date_gmt":"2016-08-02T15:53:50","guid":{"rendered":"http:\/\/www.cronacaonline.it\/public\/content\/?p=130469"},"modified":"2016-08-02T17:53:50","modified_gmt":"2016-08-02T15:53:50","slug":"sanita-regione-avvia-stabilizzazione-precari-su-disposizioni-nazionali","status":"publish","type":"post","link":"https:\/\/www.cronacaonline.it\/index.php\/2016\/08\/02\/sanita-regione-avvia-stabilizzazione-precari-su-disposizioni-nazionali\/","title":{"rendered":"Sanit\u00e0, regione avvia stabilizzazione precari su disposizioni nazionali"},"content":{"rendered":"<p>Cagliari, 2 Ago 2016 -\u00a0La Regione avvia la stabilizzazione \u2013 previo l\u2019espletamento di concorsi riservati \u2013 di personale con contratto di lavoro a tempo determinato, dei lavoratori socialmente utili e dei lavoratori di pubblica utilit\u00e0 in possesso di determinati requisiti. Si d\u00e0 cos\u00ec attuazione anche in Sardegna al Decreto del presidente del Consiglio dei Ministri del 6 marzo 2015, finora non recepito dalla Regione.<\/p>\n<p>Oggi\u00a0la Giunta, su proposta dell\u2019assessore Luigi Arru, ha accolto le disposizioni che riguardano il personale precario del comparto sanit\u00e0, consentendo alle Aziende e agli enti del Servizio Sanitario regionale di bandire, fino al 31 dicembre 2018, procedure concorsuali riservate, per titoli ed esami, per assunzioni a tempo indeterminato. In tutto, si stima, saranno inizialmente 104 le persone interessate dalla stabilizzazione, con un costo annuo (gi\u00e0 sostenuto dalle Aziende) di 5 milioni 600mila euro.<\/p>\n<p>Tra i requisiti per accedere alle procedure di stabilizzazione, c\u2019\u00e8 l\u2019aver maturato \u2013 alla data del 30 ottobre 2013 \u2013 negli ultimi cinque anni, almeno tre anni di servizio, anche non continuativo, con contratto di lavoro subordinato a tempo determinato, anche presso enti del medesimo ambito regionale diversi da quello che indice la procedura.<\/p>\n<p>Per il personale non dirigenziale i requisiti sono l\u2019essere stato in servizio al 1\u00b0 gennaio 2007 con tre anni di tempo determinato gi\u00e0 maturato nel quinquennio precedente; essere stato in servizio al 1\u00b0 gennaio 2007 con tre anni di tempo determinato maturato in virt\u00f9 di un contratto in essere al 29 settembre 2006, tenendo conto anche del servizio svolto a tempo determinato nel quinquennio precedente al 1\u00b0 gennaio 2007; aver maturato tre anni di tempo determinato nel quinquennio precedente al 1\u00b0 gennaio 2007; essere in servizio al 1\u00b0 gennaio 2008 con tre anni a tempo determinato maturato, in virt\u00f9 di un contratto in essere al 28 settembre 2007, tenendo conto anche del servizio svolto a tempo determinato nel quinquennio precedente al 1\u00b0 gennaio 2008. Le procedure di stabilizzazione non si applicano al personale dirigente a tempo determinato con contratto ex articolo 15 septies (del D.Lgs. 502\/1992).<\/p>\n<p>La delibera stabilisce, ancora, che tutte le assunzioni per le quali le Aziende attiveranno le procedure concorsuali riservate dovranno essere preventivamente autorizzate dalla Direzione generale dell\u2019Assessorato della Sanit\u00e0 e le relative richieste di assunzione inserite in un apposito Piano di stabilizzazione. L\u2019assunzione del personale precario non dovr\u00e0 determinare, comunque, il superamento dei vincoli di costo per il personale posti dalle attuali norme regionali e nazionali.<\/p>\n","protected":false},"excerpt":{"rendered":"<p>Cagliari, 2 Ago 2016 &#8211;\u00a0La Regione avvia la stabilizzazione \u2013 previo l\u2019espletamento di concorsi riservati \u2013 di personale con contratto di lavoro a tempo determinato,&#8230;<\/p>\n","protected":false},"author":2,"featured_media":116066,"comment_status":"closed","ping_status":"closed","sticky":false,"template":"","format":"standard","meta":[],"categories":[49,52],"tags":[],"_links":{"self":[{"href":"https:\/\/www.cronacaonline.it\/index.php\/wp-json\/wp\/v2\/posts\/130469"}],"collection":[{"href":"https:\/\/www.cronacaonline.it\/index.php\/wp-json\/wp\/v2\/posts"}],"about":[{"href":"https:\/\/www.cronacaonline.it\/index.php\/wp-json\/wp\/v2\/types\/post"}],"author":[{"embeddable":true,"href":"https:\/\/www.cronacaonline.it\/index.php\/wp-json\/wp\/v2\/users\/2"}],"replies":[{"embeddable":true,"href":"https:\/\/www.cronacaonline.it\/index.php\/wp-json\/wp\/v2\/comments?post=130469"}],"version-history":[{"count":0,"href":"https:\/\/www.cronacaonline.it\/index.php\/wp-json\/wp\/v2\/posts\/130469\/revisions"}],"wp:featuredmedia":[{"embeddable":true,"href":"https:\/\/www.cronacaonline.it\/index.php\/wp-json\/"}],"wp:attachment":[{"href":"https:\/\/www.cronacaonline.it\/index.php\/wp-json\/wp\/v2\/media?parent=130469"}],"wp:term":[{"taxonomy":"category","embeddable":true,"href":"https:\/\/www.cronacaonline.it\/index.php\/wp-json\/wp\/v2\/categories?post=130469"},{"taxonomy":"post_tag","embeddable":true,"href":"https:\/\/www.cronacaonline.it\/index.php\/wp-json\/wp\/v2\/tags?post=130469"}],"curies":[{"name":"wp","href":"https:\/\/api.w.org\/{rel}","templated":true}]}}