{"id":130369,"date":"2016-08-01T09:43:24","date_gmt":"2016-08-01T07:43:24","guid":{"rendered":"http:\/\/www.cronacaonline.it\/public\/content\/?p=130369"},"modified":"2016-08-01T09:43:24","modified_gmt":"2016-08-01T07:43:24","slug":"in-un-asilo-nido-bimbi-picchiati-e-legati-con-cinghie-arrestati-i-titolari-a-milano","status":"publish","type":"post","link":"https:\/\/www.cronacaonline.it\/index.php\/2016\/08\/01\/in-un-asilo-nido-bimbi-picchiati-e-legati-con-cinghie-arrestati-i-titolari-a-milano\/","title":{"rendered":"In un asilo nido bimbi picchiati e legati con cinghie: arrestati i titolari a Milano"},"content":{"rendered":"<p><strong>Milano, 1 Ago 2016 - \u00a0<\/strong>I Carabinieri del Comando Provinciale di Milano hanno tratto in arresto in flagranza un 35enne e una 34enne, italiani e\u00a0incensurati, rispettivamente il titolare e la coordinatrice di un asilo nido del quartiere Bicocca. I due sono ritenuti responsabili di maltrattamenti in danno di minori di anni 10, percosse e lesioni personali.<\/p>\n<p>Le indagini hanno accertato, da parte degli arrestati, presunti episodi raccapriccianti ai danni di bambini da pochi mesi a due anni quali schiaffi, spintoni, insulti. Alcuni sarebbero stati pi\u00f9 volte legati con cinghie alle sedie, altri chiusi al buio in stanzini e trattenuti dentro terrorizzati, in un caso \u00e8 stato refertato in ospedale anche un morso umano, a un piccolo di circa 2 anni. L'episodio del morso \u00e8 stato proprio quello che ha dato origine agli arresti, gi\u00e0 convalidati dal gip.<\/p>\n<p>\"\u00c8 stato un fulmine a ciel sereno\": cos\u00ec Marcello Arezzo, titolate di una ditta che ha la sede nello stesso palazzo, in zona Bicocca, che ospita l'asilo.<\/p>\n<p>Secondo il titolare della ditta di impianti elettrici, \"molti abitanti\" dello stabile si sono chiesti che cosa stava succedendo \"venerd\u00ec scorso, quando sono arrivate le ambulanze\". \"Quando le ho viste ho pensato che fosse successo qualcosa alla struttura - ha spiegato - magari il crollo di un cornicione. Ma quando ho visto i volti in lacrime di alcuni genitori ho capito che si trattava di altro\".<\/p>\n<p>\"Qualche volta sentivo\" la coordinatrice \"urlare e dire parolacce\". Lo ha spiegato l'uomo che si occupa delle pulizie e che vive nel palazzo dove si trova l'asilo. L'uomo ha raccontando che quando era intento a fare le pulizie del mercoled\u00ec sentiva gridare la donna, che \u00e8 stata arrestata, urlare parolacce, anche pesanti. \"Non sentivo piangere i bambini - ha aggiunto -. Ma ho notato che tutte le porte e le finestre erano sempre completamente chiuse\". Il giorno prima dell'arrivo dei Carabinieri \"ho visto che i bambini erano in giardino a giocare - ha concluso - ma saranno rimasti l\u00ec per circa 20 minuti. Li tenevano fuori pochissimo\".<\/p>\n<p>&nbsp;<\/p>\n","protected":false},"excerpt":{"rendered":"<p>Milano, 1 Ago 2016 &#8211; \u00a0I Carabinieri del Comando Provinciale di Milano hanno tratto in arresto in flagranza un 35enne e una 34enne, italiani e\u00a0incensurati,&#8230;<\/p>\n","protected":false},"author":2,"featured_media":130370,"comment_status":"closed","ping_status":"closed","sticky":false,"template":"","format":"standard","meta":[],"categories":[49,50],"tags":[],"_links":{"self":[{"href":"https:\/\/www.cronacaonline.it\/index.php\/wp-json\/wp\/v2\/posts\/130369"}],"collection":[{"href":"https:\/\/www.cronacaonline.it\/index.php\/wp-json\/wp\/v2\/posts"}],"about":[{"href":"https:\/\/www.cronacaonline.it\/index.php\/wp-json\/wp\/v2\/types\/post"}],"author":[{"embeddable":true,"href":"https:\/\/www.cronacaonline.it\/index.php\/wp-json\/wp\/v2\/users\/2"}],"replies":[{"embeddable":true,"href":"https:\/\/www.cronacaonline.it\/index.php\/wp-json\/wp\/v2\/comments?post=130369"}],"version-history":[{"count":0,"href":"https:\/\/www.cronacaonline.it\/index.php\/wp-json\/wp\/v2\/posts\/130369\/revisions"}],"wp:featuredmedia":[{"embeddable":true,"href":"https:\/\/www.cronacaonline.it\/index.php\/wp-json\/wp\/v2\/media\/130370"}],"wp:attachment":[{"href":"https:\/\/www.cronacaonline.it\/index.php\/wp-json\/wp\/v2\/media?parent=130369"}],"wp:term":[{"taxonomy":"category","embeddable":true,"href":"https:\/\/www.cronacaonline.it\/index.php\/wp-json\/wp\/v2\/categories?post=130369"},{"taxonomy":"post_tag","embeddable":true,"href":"https:\/\/www.cronacaonline.it\/index.php\/wp-json\/wp\/v2\/tags?post=130369"}],"curies":[{"name":"wp","href":"https:\/\/api.w.org\/{rel}","templated":true}]}}