{"id":130349,"date":"2016-07-31T20:33:11","date_gmt":"2016-07-31T18:33:11","guid":{"rendered":"http:\/\/www.cronacaonline.it\/public\/content\/?p=130349"},"modified":"2016-07-31T20:33:11","modified_gmt":"2016-07-31T18:33:11","slug":"cattolici-e-musulmani-a-messa-insieme-per-contrastare-chi-vuole-seminare-terrore","status":"publish","type":"post","link":"https:\/\/www.cronacaonline.it\/index.php\/2016\/07\/31\/cattolici-e-musulmani-a-messa-insieme-per-contrastare-chi-vuole-seminare-terrore\/","title":{"rendered":"Cattolici e musulmani a messa insieme per contrastare chi vuole seminare terrore"},"content":{"rendered":"<p>Roma, 31 Lug 2016 - Forte mobilitazione dopo l'appello lanciato dal\u00a0Centro per il culto musulmano francese dopo l'assassinio di Padre Jacques Hamel: \"I musulmani vadano a messa domenica mattina per dare ai cattolici un segno di solidariet\u00e0\". Immediatamente la Coreis (Comunit\u00e0 religiosa islamica italiana) ha annunciato l'intenzione di dare seguito anche in Italia a questa testimonianza di fratellanza spirituale: oggi i suoi delegati hanno portato il saluto in chiesa in tante citt\u00e0 dal nord al sud del Paese, da Milano a Palermo. Cos\u00ec come \u00e8 accaduto in tante chiese d'Oltralpe.<\/p>\n<p>Commosso omaggio a padre\u00a0Hamel, proprio a\u00a0Rouen, nella Cattedrale. Tra gli oltre 2mila fedeli\u00a0cattolici presenti, almeno un centinaio di musulmani.\u00a0\"Accogliamo in modo particolare stamane\u00a0i nostri amici musulmani\", ha detto l'arcivescovo, Dominique\u00a0Lebrun. \"Hanno voluto renderci visita stamane. Vi ringrazio a\u00a0nome di tutti i cristiani. Dite anche che rifiutate la morte e\u00a0la violenza in nome di Dio. L'abbiamo sentito dalle vostre\u00a0bocche che sappiamo sincere: questo non \u00e8 Islam\".<\/p>\n<p>\"Nel nome di Dio non si uccide, si ama\". \u00c8 con questa convinzione che a Trieste Rappresentanti del Centro Culturale Islamico si sono uniti alla comunit\u00e0 cattolica alla messa delle 10.30 nella chiesa Notre Dame De Sion. In questo modo cerchiamo di \"arginare ogni integralismo e stigmatizzare azioni terroristiche in nome della religione\" hanno spiegato Mons. Ettore Malnati, Presidente di Studium Fidei e l'Imam di Trieste, Nader Akkad.<\/p>\n<p>L'Imam di Genova, Hussain Salah, ha partecipato alla messa in cattedrale, mentre una delegazione della Comunit\u00e0 islamica di Ventimiglia ha preso parte alla funzione della chiesa di San Nicola di Tolentino, ospite di Don Francesco Marcoaldi, il sacerdote che apr\u00ec la sua parrocchia per accogliere i migranti ai quali era stato imposto, con ordinanza del sindaco, di non accamparsi pi\u00f9 lungo le rive del fiume Roja e sotto i viadotti.<\/p>\n<p>A Roma doppia 'missione di pace': il Presidente della Coreis italiana, Imam Yahya Sergio Yahe Pallavicini, ha partecipato alla funzione nella basilica di Santa Croce in Gerusalemme mentre tre Imam di altrettante Comunit\u00e0 islamiche romane hanno partecipato alla messa mattutina in Santa Maria in Trastevere.\u00a0Tre Imam pure a Milano: Muhyiddin, Abd Al-Hakim. Abd As-Sabur Turrini sono intervenuti a un incontro prima della messa nella parrocchia di Santa Maria del Caravaggio.\u00a0Una catena di solidariet\u00e0, si parla di 23 mila adesioni a livello nazionale - alimentata pure dala Confederazione Islamica Italiana (Cii) e dall'Ucoii - per dare \"un segnale forte e allontanare chi vuole dividere seminando terrore\".<\/p>\n<p>Non teme ritorsioni Ahmed El\u00a0Balazi, Imam di Vobarno, nel Bresciano, che ha fortemente preso\u00a0le distanze dai terroristi definendoli \"criminali e falliti\".\u00a0\"Non ho paura. Come me la pensano gli altri Imam con i quali\u00a0sono in contatto\". L'imam ha poi aggiunto: \"Questa gente sporca\u00a0troppo la nostra religione ed \u00e8 brutto sapere che tanta gente\u00a0considera tutti i musulmani terroristi, non \u00e8 cos\u00ec\" \u00e8 il\u00a0pensiero di Ahmed El Balazi che poi aggiunge: \"Una cosa \u00e8 la\u00a0religione, un altro il comportamento di musulmani che non ci\u00a0rappresentano\".<\/p>\n<p>\"Non sempre abbiamo sentito una\u00a0reazione corale, ora questo invece si sta creando\". Da Cracovia,\u00a0dove ha partecipato assieme ai giovani italiani alla Gmg\u00a0conclusasi oggi, il cardinale Bagnasco e' tornato a commentare i\u00a0fatti di Rouen e la solidariet\u00e0 arrivata dal mondo musulmano.\u00a0Famiglia Cristiana riporta le sue parole e il suo auspicio che\u00a0questo sia \"l'inizio di un percorso nuovo\".\u00a0E' vero - ha osservato Bagnasco - che\u00a0\"il mondo musulmano \u00e8 abbastanza frammentato per motivazioni di\u00a0carattere teologico, che non ci competono, ma su questo punto\u00a0fondamentale di condanna netta della barbarie si pu\u00f2 essere\u00a0tutti d'accordo. E ora mi pare che si vada in questa direzione.\u00a0La religione vera porta sempre all'amore, alla pace, illumina la\u00a0vita, tutto ci\u00f2 che invece si tinge di morte pu\u00f2 dirsi religioso\u00a0ma non lo \u00e8, mai. La condanna della violenza fondamentalista -\u00a0ha aggiunto - ha un grande valore che unifica e supera tutte le\u00a0distinzioni... La primissima risposta al fondamentalismo barbaro\u00a0e brutale deve arrivare dal mondo islamico, perch\u00e9 se chi\u00a0pratica la violenza si sente circondato da una condanna netta,\u00a0chiara, permanente, senza paura credo dovr\u00e0 prenderne atto\".\u00a0L'arcivescovo di Genova si \u00e8 augurato, infine, che questo sia\u00a0\"l'inizio di un percorso nuovo\" perch\u00e9 - ha spiegato - \"sappiamo\u00a0tutti che la crisi dell'Europa prima che politica \u00e8 spirituale\"\u00a0e occorre dunque riaffermare \"il primato dello spirito, che\u00a0significa elevare l'uomo a un livello pi\u00f9 alto di pensiero, di\u00a0azione e di sentire. Credo che questo sia un valore condiviso da\u00a0tutte le religioni\".<\/p>\n<p>Per il capo dello Stato \"\u00e8 molto significativa\"\u00a0l'iniziativa della comunit\u00e0 islamica francese islamica raccolta\u00a0anche in Italia.\u00a0\"Ci troviamo di fronte - ha proseguito il capo dello Stato - a un\u00a0terrorismo che cinicamente cerca di usare religione nella\u00a0speranza di provocare un conflitto globale tra cristiani e\u00a0musulmani per avere una platea sterminata di reclutamento. \u00a0Ma\u00a0questo non avverr\u00e0, perch\u00e9 non possiamo e non asseconderemo il\u00a0loro piano\". Dunque, per il capo dello Stato, \"l'ansia e la paura\u00a0vanno comprese\", ma \"l'allarme richiede una risposta seria da\u00a0parte dello Stato che deve riaffermare l'impegno a garantire la\u00a0sicurezza dei cittadini\".<\/p>\n","protected":false},"excerpt":{"rendered":"<p>Roma, 31 Lug 2016 &#8211; Forte mobilitazione dopo l&#8217;appello lanciato dal\u00a0Centro per il culto musulmano francese dopo l&#8217;assassinio di Padre Jacques Hamel: &#8220;I musulmani vadano&#8230;<\/p>\n","protected":false},"author":2,"featured_media":130358,"comment_status":"closed","ping_status":"closed","sticky":false,"template":"","format":"standard","meta":[],"categories":[49,50],"tags":[],"_links":{"self":[{"href":"https:\/\/www.cronacaonline.it\/index.php\/wp-json\/wp\/v2\/posts\/130349"}],"collection":[{"href":"https:\/\/www.cronacaonline.it\/index.php\/wp-json\/wp\/v2\/posts"}],"about":[{"href":"https:\/\/www.cronacaonline.it\/index.php\/wp-json\/wp\/v2\/types\/post"}],"author":[{"embeddable":true,"href":"https:\/\/www.cronacaonline.it\/index.php\/wp-json\/wp\/v2\/users\/2"}],"replies":[{"embeddable":true,"href":"https:\/\/www.cronacaonline.it\/index.php\/wp-json\/wp\/v2\/comments?post=130349"}],"version-history":[{"count":0,"href":"https:\/\/www.cronacaonline.it\/index.php\/wp-json\/wp\/v2\/posts\/130349\/revisions"}],"wp:featuredmedia":[{"embeddable":true,"href":"https:\/\/www.cronacaonline.it\/index.php\/wp-json\/wp\/v2\/media\/130358"}],"wp:attachment":[{"href":"https:\/\/www.cronacaonline.it\/index.php\/wp-json\/wp\/v2\/media?parent=130349"}],"wp:term":[{"taxonomy":"category","embeddable":true,"href":"https:\/\/www.cronacaonline.it\/index.php\/wp-json\/wp\/v2\/categories?post=130349"},{"taxonomy":"post_tag","embeddable":true,"href":"https:\/\/www.cronacaonline.it\/index.php\/wp-json\/wp\/v2\/tags?post=130349"}],"curies":[{"name":"wp","href":"https:\/\/api.w.org\/{rel}","templated":true}]}}