{"id":130203,"date":"2016-07-28T08:29:27","date_gmt":"2016-07-28T06:29:27","guid":{"rendered":"http:\/\/www.cronacaonline.it\/public\/content\/?p=130203"},"modified":"2016-07-28T08:29:27","modified_gmt":"2016-07-28T06:29:27","slug":"papa-francesco-in-polonia-il-mondo-e-in-guerra-e-non-e-guerra-di-religione","status":"publish","type":"post","link":"https:\/\/www.cronacaonline.it\/index.php\/2016\/07\/28\/papa-francesco-in-polonia-il-mondo-e-in-guerra-e-non-e-guerra-di-religione\/","title":{"rendered":"Papa Francesco in Polonia: &#8220;il mondo \u00e8 in guerra e non \u00e8 guerra di religione&#8221;"},"content":{"rendered":"<p>Cracovia (Polonia), 28 Lug 2016 - Papa Francesco \u00e8 atterrato in Polonia, all'aeroporto di Cracovia, dove ad attenderlo c'era il presidente della Repubblica polacco,\u00a0Andrzej Duda con la moglie, il\u00a0cardinale arcivescovo di Cracovia, Stanislaw Dziwisz, ex segretario personale di Giovanni Paolo II e le massime autorit\u00e0 del paese.<\/p>\n<p>Durante il volo Bergoglio ha parlato dei fatti di sangue che si stanno susseguendo con un'intensit\u00e0 crescente, compreso l'assassinio di ieri a Rouen: \"Quando parlo di guerra parlo\u00a0di guerra sul serio, no di guerre di religione\". Il Pontefice ha sottolineato con forza che\u00a0\"Non c'\u00e8 guerra di religione, c'\u00e8 guerra di\u00a0interessi, per i soldi, per le risorse naturali, per il dominio\u00a0dei popoli\". Perch\u00e9 \"noi tutte le religioni vogliamo la pace, la\u00a0guerra la vogliono gli altri, capito?\". Il Santo Padre tornando a parlare di guerra ha spiegato che \"il mondo \u00e8 in guerra a pezzi: c'\u00e8 stata quella del\u00a01914 con i suoi metodi, poi il conflitto del '39-'45, l'altra\u00a0grande guerra nel mondo, e adesso c'\u00e8 questa. Non \u00e8 tanto\u00a0organica forse, organizzata s\u00ec non organica, dico, ma \u00e8 guerra.\u00a0Questo santo sacerdote \u00e8 morto proprio nel momento in cui\u00a0offriva la preghiera per la chiesa, ma quanti, quanti cristiani,\u00a0quanti di questi innocenti, quanti bambini vengono uccisi.\u00a0Pensiamo alla Nigeria - ha esortato - 'ma quella \u00e8 l'Africa', ma\u00a0\u00e8 guerra, non abbiamo paura di dire questa verit\u00e0: il mondo \u00e8 in\u00a0guerra perch\u00e9 ha perso la pace\".<\/p>\n<p>Sulla barbara uccisione del sacerdote\u00a0francese, Hamal,\u00a0papa Francesco ha ringraziato\u00a0\"tutti quelli che si sono fatti vivi per le\u00a0condoglianze, e anche il presidente francese Hollande che \"ha voluto\u00a0collegarsi al telefono con me, come un fratello, grazie\".<\/p>\n<p>Il Pontefice, infine, ha offerto parole di speranza rivolgendosi ai giornalisti che erano in volo con lui:\u00a0\"Grazie per il vostro lavoro\u00a0per la Giornata mondiale della Giovent\u00f9,\u00a0la giovent\u00f9 sempre ci dice\u00a0di sperare, speriamo che i giovani ci diano speranza\".<\/p>\n<p>E proprio una grande folla di ragazzi,\u00a0arrivati da 178 paesi, ha salutato il passaggio di Papa\u00a0Francesco nel centro di Cracovia mentre si recava al Wawel per\u00a0l'incontro con le autorit\u00e0 dello Stato polacco.\u00a0Bandiere di tutti i paesi sono state sventolate al suo\u00a0passaggio a bordo di una jeep aperta sui lati con solo un foglio di plexiglass a\u00a0proteggerlo dalla pioggia che ha iniziato a scendere su\u00a0Cracovia dopo il suo arrivo. Probabilmente mai Cracovia ha visto in passato una\u00a0folla cos\u00ec variopinta.<\/p>\n<p>Nel castello del Wawel a\u00a0Cracovia, al Presidente della Repubblica Andrzej Duda, alle autorit\u00e0\u00a0istituzionali polacche e al corpo diplomatico, primo atto ufficiale\u00a0del suo viaggio apostolico il Papa ha detto che\u00a0\"l'Europa ha nel\u00a0Cristianesimo le sue radici pi\u00f9 solide\".\u00a0Riferendosi alla figura di Giovanni Paolo II, il pontefice polacco che\u00a0ide\u00f2 la Giornata mondiale della Giovent\u00f9, che quest'anno si svolge\u00a0fino a domenica a Cracovia, Papa Francesco - per la prima volta in\u00a0visita nell'Europa dell'Est - ricorda che Karol Wojtyla \"amava parlare\u00a0dell'Europa che respira con i suoi due polmoni - appunto l'Europa\u00a0occidentale e l'Europa orientale allora divise dalla 'cortina di\u00a0ferro' - Il sogno di un nuovo umanesimo europeo \u00e8 animato dal respiro\u00a0creativo e armonico di questi due polmoni e dalla comune civilt\u00e0, che\u00a0- ribadisce il Papa - trova nel Cristianesimo le sue radici pi\u00f9\u00a0solide\". Per il Pontefice\u00a0\"la cooperazione\u00a0internazionale e la reciproca considerazione maturano mediante la\u00a0coscienza e il rispetto dell'identit\u00e0 propria e altrui\". Ma \"non pu\u00f2\u00a0esistere dialogo, se ciascuno non parte dalla propria identit\u00e0\".<\/p>\n<p>Ma,\u00a0a proposito della reazione al\u00a0fenomeno migratorio talora considerato contiguo anche alla minaccia\u00a0terroristica, il Papa\u00a0sottolinea che serve\u00a0\"saggezza, per non avere\u00a0paura\" perch\u00e9\u00a0\"il complesso fenomeno migratorio richiede un\u00a0supplemento di saggezza e di misericordia, per superare le paure e\u00a0realizzare il maggior bene\". Anche nel caso specifico della Polonia,\u00a0\"occorre individuare le cause dell'emigrazione, facilitando quanti\u00a0vogliono ritornare. E, al tempo stesso, occorrono la disponibilit\u00e0 ad\u00a0accogliere quanti fuggono dalle guerre e dalla fame e la solidariet\u00e0\u00a0verso coloro che sono privati dei loro fondamentali diritti, tra i\u00a0quali quello di professare in libert\u00e0 e sicurezza la propria fede\".<\/p>\n<p>Inoltre sottolinea Francesco, \"vanno sollecitate collaborazioni e sinergie a livello\u00a0internazionale al fine di trovare soluzioni ai conflitti e alle\u00a0guerre, che costringono tante persone a lasciare le loro case e la\u00a0loro patria. Si tratta cos\u00ec di fare il possibile per alleviare le loro\u00a0sofferenze, senza stancarsi di operare con intelligenza e continuit\u00e0\u00a0per la giustizia e la pace, testimoniando nei fatti i valori umani e\u00a0cristiani\".<\/p>\n<p>Il Papa ha assicurato\u00a0al Presidente della Repubblica Andrzej Duda, alle autorit\u00e0\u00a0istituzionali polacche e al corpo diplomatico che\u00a0\"la Nazione polacca pu\u00f2\u00a0contare, come \u00e8 stato in tutto il suo lungo percorso storico, sulla\u00a0collaborazione della Chiesa cattolica perch\u00e9, alla luce dei principi\u00a0cristiani che la ispirano e che hanno forgiato la storia e l'identit\u00e0\u00a0della Polonia, sappia nelle mutate condizioni storiche progredire nel\u00a0suo cammino, fedele alle sue migliori tradizioni e ricolma di fiducia\u00a0e di speranza, anche nei momenti difficili\".<\/p>\n<p>\u00c8 durato 20-30 minuti l'incontro\u00a0privato tra il Papa e il presidente della Repubblica di Polonia,\u00a0Andrzej Duda, nella Sala degli Uccelli del castello del Wawel.\u00a0Lo ha riferito padre Lombardi, aggiungendo:\u00a0\"Non ci sono agende particolari da riferire,\u00a0c'\u00e8 stata spesso anche una dimensione di\u00a0ringraziamento per la venuta del Papa, per\u00f2 nel sottofondo non\u00a0si pu\u00f2 negare che c'\u00e8 preoccupazione per una situazione in\u00a0Europa e nel mondo\".<\/p>\n<p>L'ultimo appuntamento della prima giornata del Papa a Cracovia \u00e8 stato dedicato ai ragazzi venuti da tutto il mondo per la XXXI Giornata mondiale della giovent\u00f9. Affacciandosi dalla finestra dell'arcivescovado ha ricordato\u00a0un giovane volontario polacco\u00a0morto recentemente di cancro.\u00a0Questo ragazzo, ha detto,\u00a0\"aveva poco pi\u00f9 di 22 anni, aveva studiato disegno grafico e\u00a0aveva lasciato il suo lavoro per essere volontario della Gmg.\u00a0Infatti sono suoi tutti i disegni delle bandiere, le immagini dei\u00a0santi patroni, i kit del pellegrino e cos\u00ec via che adornano la\u00a0citt\u00e0.\" Poi ha aggiunto: \"Ha fatto un grande bene a tutti voi. Adesso tutti in\u00a0silenzio pensiamo a questo compagno di strada, che ha lavorato\u00a0tanto per questa giornata. Qualcun di voi - ha proseguito - pu\u00f2\u00a0pensare 'questo Papa ci rovina la serata'. Ma \u00e8 la verit\u00e0, e noi\u00a0dobbiamo abituarci alle cose buone e alle cose brutte, la vita \u00e8\u00a0cos\u00ec cari giovani\". Ma \"c'\u00e8 una cosa di cui non possiamo\u00a0dubitare che questo ragazzo che ha lavorato tanto per la Gmg\u00a0adesso \u00e8 in Cielo, con Ges\u00f9. L\u00ec lo incontreremo un giorno\". Rispondendo alle domande dei ragazzi il Santo Padre ha colto l'occasione per sottolineare l'importanza dell'inclusione, del costruire ponti e non muri, del\u00a0\"lottare contro il\u00a0terrorismo della lingua, dell'insulto, dell'escludere la gente\"\u00a0contrapponendo il valore della \"mitezza\", che significa \"trattare bene\u00a0gli altri e non rispondere a una cosa brutta con altre cose brutte, a\u00a0un insulto con un altro insulto\". E prima di andare a letto, il Pontefice si \u00e8 congedato dai ragazzi con queste parole:\u00a0\"Ora io mi ritiro. Voi\u00a0dovete fare il vostro dovere, che \u00e8 fare chiasso tutta la notte,\u00a0e far vedere la vostra gioia cristiana, la gioia che il Signore\u00a0vi d\u00e0 di essere la comunit\u00e0 che segue Ges\u00f9\".<\/p>\n<p>Il viaggio di papa Francesco in Polonia non sar\u00e0 dedicato in modo esclusivo alla\u00a0Giornata mondiale della giovent\u00f9 ma il Pontefice\u00a0gioved\u00ec voler\u00e0 al santuario mariano di Czestochowa, venerd\u00ec mattina visiter\u00e0 il lager di Auschwitz-Birkenau, ogni sera si affaccer\u00e0 alla finestra dell'arcivescovado dove pernotta, e dove Karol Wojtyla visse da arcivescovo dal 1964 al 1978, per salutare gruppi di fedeli<\/p>\n","protected":false},"excerpt":{"rendered":"<p>Cracovia (Polonia), 28 Lug 2016 &#8211; Papa Francesco \u00e8 atterrato in Polonia, all&#8217;aeroporto di Cracovia, dove ad attenderlo c&#8217;era il presidente della Repubblica polacco,\u00a0Andrzej Duda&#8230;<\/p>\n","protected":false},"author":2,"featured_media":130204,"comment_status":"closed","ping_status":"closed","sticky":false,"template":"","format":"standard","meta":[],"categories":[49,50],"tags":[],"_links":{"self":[{"href":"https:\/\/www.cronacaonline.it\/index.php\/wp-json\/wp\/v2\/posts\/130203"}],"collection":[{"href":"https:\/\/www.cronacaonline.it\/index.php\/wp-json\/wp\/v2\/posts"}],"about":[{"href":"https:\/\/www.cronacaonline.it\/index.php\/wp-json\/wp\/v2\/types\/post"}],"author":[{"embeddable":true,"href":"https:\/\/www.cronacaonline.it\/index.php\/wp-json\/wp\/v2\/users\/2"}],"replies":[{"embeddable":true,"href":"https:\/\/www.cronacaonline.it\/index.php\/wp-json\/wp\/v2\/comments?post=130203"}],"version-history":[{"count":0,"href":"https:\/\/www.cronacaonline.it\/index.php\/wp-json\/wp\/v2\/posts\/130203\/revisions"}],"wp:featuredmedia":[{"embeddable":true,"href":"https:\/\/www.cronacaonline.it\/index.php\/wp-json\/wp\/v2\/media\/130204"}],"wp:attachment":[{"href":"https:\/\/www.cronacaonline.it\/index.php\/wp-json\/wp\/v2\/media?parent=130203"}],"wp:term":[{"taxonomy":"category","embeddable":true,"href":"https:\/\/www.cronacaonline.it\/index.php\/wp-json\/wp\/v2\/categories?post=130203"},{"taxonomy":"post_tag","embeddable":true,"href":"https:\/\/www.cronacaonline.it\/index.php\/wp-json\/wp\/v2\/tags?post=130203"}],"curies":[{"name":"wp","href":"https:\/\/api.w.org\/{rel}","templated":true}]}}