{"id":129893,"date":"2016-07-22T09:02:16","date_gmt":"2016-07-22T07:02:16","guid":{"rendered":"http:\/\/www.cronacaonline.it\/public\/content\/?p=129893"},"modified":"2016-07-22T09:02:16","modified_gmt":"2016-07-22T07:02:16","slug":"strage-nizza-in-5-hanno-aiutato-bouhlel-lattacco-pianificato-da-mesi","status":"publish","type":"post","link":"https:\/\/www.cronacaonline.it\/index.php\/2016\/07\/22\/strage-nizza-in-5-hanno-aiutato-bouhlel-lattacco-pianificato-da-mesi\/","title":{"rendered":"Strage Nizza, in 5 hanno aiutato Bouhlel: l&#8217;attacco pianificato da mesi"},"content":{"rendered":"<p><span style=\"color: #000000; font-family: Calibri;\">Nizza (Francia), 22 Lug 2012 - La strage di Nizza \u00e8 stata preparata mesi prima del 14 luglio e Mohamed Lahouaiej Bouhlel, il killer della Promenade des Anglais, ha ricevuto sostegno logistico da cinque complici che ora sono in carcere. E' quanto rivela il procuratore antiterrorismo di Parigi, Francois Molins.<\/span><\/p>\n<p><span style=\"color: #000000; font-family: Calibri;\">Per Molins i cinque arrestati, quattro uomini e una donna, \"sono coinvolti nella preparazione\" dell'attacco, che era stato previsto con mesi di anticipo. Uno dei sospetti aveva inoltre ripreso un filmato della scena del crimine il giorno dopo, ha detto il procuratore ai giornalisti. Le cinque persone sono quattro uomini di et\u00e0 compresa tra 22 e 40 anni e una donna di 42 anni. Un sesto sospetto, un uomo di 38 anni, \u00e8 stato rilasciato marted\u00ec notte. Avrebbero procurato al killer anche la pistola automatica con la quale ha aperto il fuoco pi\u00f9 volte prima di essere freddato dalla polizia.<\/span><\/p>\n<p><span style=\"color: #000000; font-family: Calibri;\">Il governo francese, a fronte delle crescenti critiche sulle misure di sicurezza messe in atto a Nizza la sera dell'attentato del 14 luglio, ha deciso di aprire un'indagine attraverso l'ispettorato della polizia nazionale per fare luce sull'accaduto. Il ministro dell'Interno Bernard Cazeneuve ha annunciato l'azione dopo le accuse ricevute dai politici locali di Nizza a proposito delle misure di sicurezza insufficienti nel giorno della festa nazionale.<\/span><\/p>\n<p><span style=\"color: #000000; font-family: Calibri;\">Un'unica vettura della polizia sbarrava l'ingresso della zona pedonale della Promenade des Anglais, dove \u00e8 arrivato il camion utilizzato per l'attentato del 14 luglio a Nizza. E' l'inquietante retroscena che svela questa mattina il quotidiano Liberation, una notizia che il ministro degli Interni francese Bernard Cazeneuve si \u00e8 comunque affrettato a definire una \"controverit\u00e0\".<\/span><\/p>\n<p><span style=\"color: #000000; font-family: Calibri;\">Una dura polemica contrappone la municipalit\u00e0 guidata dai Repubblicani al governo sul dispositivo di sicurezza predisposto la sera dell'attentato. A detta di Liberation, che cita \"una fonte di polizia che ha potuto visionare le immagini della videosorveglianza (...), una sola vettura della polizia, quella degli agenti della municipale, si trovava al centro della carreggiata, lato mare\", nella zona dove la strada era diventata isola pedonale nella serata di festa in cui il camion \u00e8 poi piombato sulla folla. In quel momento, comunque, nessun agente della polizia era presente sempre secondo Liberation, che cita un testimone oculare.<\/span><\/p>\n<p><span style=\"color: #000000; font-family: Calibri;\">\"Perch\u00e9 sono stati avvicendati intorno alle 20.30 dai loro colleghi della municipale. Non c'era dunque alcuna vettura della polizia nazionale in grado di bloccare la carreggiata\", ha sottolineato il quotidiano francese. In un comunicato, Cazeneuve ha dichiarato che questo primo sbarramento era un \"punto di deviazione della circolazione e di controllo visuale\" e che \"la polizia municipale aveva come previsto dato il cambio alla polizia nazionale su questo sbarramento menzionato dal giornale alle 21.00\".<\/span><\/p>\n<p><span style=\"color: #000000; font-family: Calibri;\">Il governo francese \"non ha niente da nascondere\" ma \"\u00e8 insopportabile che sia sempre messa in dubbio la parola del governo\", ha detto il premier francese, Manuel Valls, a proposito delle indiscrezioni pubblicate da Liberation. \"Bisogna rispettare lo Stato e il pubblico, bisogna che ciascuno giochi il sul ruolo ma con rispetto\", ha aggiunto Valls. \"E' normale, e penso prima di tutto alle vittime e alle famiglie, che ci sia una domanda forte di trasparenza e verit\u00e0\", ha aggiunto Valls. \"Quello che emerger\u00e0 dall'inchiesta sar\u00e0 reso noto: questo \u00e8 lo spirito del governo\". \"Abbiamo un solo nemico comune: il terrorismo contro cui combattiamo\".<\/span><\/p>\n<p><span style=\"color: #000000; font-family: Calibri;\">\u00c8 intanto tornata la paura a Nizza, a una settimana dell'attentato alla Promenade des Anglais dove hanno perso la vita 84 persone, tra cui sei italiani e molti altri stranieri: una valigia, abbandonata in strada, ha insospettito gli agenti che hanno lanciato l'allarme-bomba, allarme poi fortunatamente rientrato.<\/span><\/p>\n","protected":false},"excerpt":{"rendered":"<p>Nizza (Francia), 22 Lug 2012 &#8211; La strage di Nizza \u00e8 stata preparata mesi prima del 14 luglio e Mohamed Lahouaiej Bouhlel, il killer della&#8230;<\/p>\n","protected":false},"author":2,"featured_media":129767,"comment_status":"closed","ping_status":"closed","sticky":false,"template":"","format":"standard","meta":[],"categories":[49,50],"tags":[],"_links":{"self":[{"href":"https:\/\/www.cronacaonline.it\/index.php\/wp-json\/wp\/v2\/posts\/129893"}],"collection":[{"href":"https:\/\/www.cronacaonline.it\/index.php\/wp-json\/wp\/v2\/posts"}],"about":[{"href":"https:\/\/www.cronacaonline.it\/index.php\/wp-json\/wp\/v2\/types\/post"}],"author":[{"embeddable":true,"href":"https:\/\/www.cronacaonline.it\/index.php\/wp-json\/wp\/v2\/users\/2"}],"replies":[{"embeddable":true,"href":"https:\/\/www.cronacaonline.it\/index.php\/wp-json\/wp\/v2\/comments?post=129893"}],"version-history":[{"count":0,"href":"https:\/\/www.cronacaonline.it\/index.php\/wp-json\/wp\/v2\/posts\/129893\/revisions"}],"wp:featuredmedia":[{"embeddable":true,"href":"https:\/\/www.cronacaonline.it\/index.php\/wp-json\/wp\/v2\/media\/129767"}],"wp:attachment":[{"href":"https:\/\/www.cronacaonline.it\/index.php\/wp-json\/wp\/v2\/media?parent=129893"}],"wp:term":[{"taxonomy":"category","embeddable":true,"href":"https:\/\/www.cronacaonline.it\/index.php\/wp-json\/wp\/v2\/categories?post=129893"},{"taxonomy":"post_tag","embeddable":true,"href":"https:\/\/www.cronacaonline.it\/index.php\/wp-json\/wp\/v2\/tags?post=129893"}],"curies":[{"name":"wp","href":"https:\/\/api.w.org\/{rel}","templated":true}]}}