{"id":129690,"date":"2016-07-17T11:49:55","date_gmt":"2016-07-17T09:49:55","guid":{"rendered":"http:\/\/www.cronacaonline.it\/public\/content\/?p=129690"},"modified":"2016-07-17T11:49:55","modified_gmt":"2016-07-17T09:49:55","slug":"strage-nizza-farnesina-alcuni-italiani-rintracciati-il-killer-aveva-fatto-un-sopralluogo","status":"publish","type":"post","link":"https:\/\/www.cronacaonline.it\/index.php\/2016\/07\/17\/strage-nizza-farnesina-alcuni-italiani-rintracciati-il-killer-aveva-fatto-un-sopralluogo\/","title":{"rendered":"Strage Nizza, Farnesina: alcuni italiani rintracciati. Il Killer aveva fatto un sopralluogo"},"content":{"rendered":"<p><span style=\"color: #000000; font-family: Calibri;\">\u00a0<\/span><\/p>\n<p><span style=\"color: #000000; font-family: Calibri;\">Nizza (Francia), 17 Lug 2016 - Alcuni italiani - che erano nella lista dei dispersi dopo l'attentato di Nizza, in Francia - sarebbero stati rintracciati. Lo riferisce la Farnesina, che per\u00f2 specifica che in questo momento \"gli accertamenti sono molto delicati, l'attenzione \u00e8 altissima e l'unit\u00e0 di crisi pienamente al lavoro\". Non sono stati aggiunti altri dettagli.<\/span><\/p>\n<p><span style=\"color: #000000; font-family: Calibri;\">La polizia francese ha arrestato questa mattina un uomo e una donna ritenuti legati all'attentatore di Nizza, che ieri lo Stato islamico aveva definito in una rivendicazione un proprio \"soldato\". Altre cinque persone sono gi\u00e0 in stato di fermo per il massacro sulla promenade della citt\u00e0 francese, tra cui l'ex moglie di Mohamed Lahouaiej-Bouhlel, l'uomo che ha ucciso 84 persone travolgendole con un camion e sparando all'impazzata.<\/span><\/p>\n<p><span style=\"color: #000000; font-family: Calibri;\">Ora le indagini stanno cercando di far luce sulle motivazioni che hanno spinto l'uomo a un gesto del genere. Il procuratore ha aperto un'indagine per omicidio e tentato omicidio, tentato omicidio di persone dotate di autorit\u00e0 pubblica (ovvero la polizia) e terrorismo.<\/span><\/p>\n<p><span style=\"color: #000000; font-family: Calibri;\">Dai primi interrogatori emerge che il giovane si sarebbe radicalizzato molto rapidamente. Un testimone ha riferito che nelle ultime settimane aveva espresso posizioni estremiste e si era fatto crescere la barba. Inoltre il killer - secondo quanto riferito dalla radio Europe 1 - due giorni prima aveva perlustrato il luogo dell'attentato, ovvero la Promenade des Anglais. Risulta che l'uomo, al volante del camion noleggiato luned\u00ec scorso in una citt\u00e0 vicina, sia passato vicino alla promenade sia marted\u00ec che mercoled\u00ec, come si vedrebbe nelle telecamere di videosorveglianza della citt\u00e0.<\/span><\/p>\n<p><span style=\"color: #000000; font-family: Calibri;\">Papa Francesco \u00e8 molto toccato dall'attentato di Nizza: lo riferisce, a quanto riportano diverse testate francesi, il Presidente dell'Associazione Francia-Italia, Paolo Celi, che ha parlato con il Santo Padre dopo la strage nella citt\u00e0 francese. Il Pontefice, ha detto, \u00e8 particolarmente sconvolto per quanto \u00e8 accaduto, soprattutto perch\u00e9 non riesce a capire come sia possibile attentare contro bambini e famiglie in festa. \"Il Papa - sostiene Celi - mi ha chiesto di trasmettere il suo messaggio di consolazione vicinanza a tutte le famiglie coinvolte in diverso modo in questa tragedia cos\u00ec come a tutti gli abitanti di Nizza e al popolo della Francia\". Il Papa, afferma ancora Celi, ha rinnovato le sue richieste di preghiera e la sua esortazione a vivere insieme, tutti, in profonda pace oltre le appartenenze etniche, religiose e sociali.<\/span><\/p>\n<p><span style=\"color: #000000; font-family: Calibri;\">Alcuni riconoscimenti, arrivati ben pi\u00f9 di 24 ore dopo la strage francese del 14 luglio, riaccendono i cuori delle famiglie italiane. E' accaduto per i parenti di alcune vittime, fortunatamente solo ferite, del Cuneese. Ma, pi\u00f9 in generale, non ci sono certezze sul numero esatto degli italiani coinvolti nella strage che ha insanguinato il Boulevard des Anglais, lo scorso gioved\u00ec sera, a Nizza. In mattinata \u00e8 stato diffuso un numero sui possibili dispersi nostri connazionali, che sarebbero 31.<\/span><\/p>\n<p><span style=\"color: #000000; font-family: Calibri;\">Tale cifra \u00e8 stata per\u00f2 considerata poco attendibile dalla stessa console d'Italia a Nizza, Serena Lippi. \"La situazione \u00e8 complessa, la cifra mi sembra poco attendibile, abbiamo vari aggiornamenti con aggiunte in positivo e negativo - spiega la rappresentante dello Stato italiano - Incrociamo tre liste: Farnesina, ambasciata e la nostra. Abbiamo avuto molti ritrovamenti nelle ultime ore, \u00e8 tutto molto fluido: la lista ufficiale delle vittime sar\u00e0 data nei prossimi giorni per il test del Dna. Il lavoro \u00e8 difficile, siamo molto rispettosi per il lavoro delle autorit\u00e0 francesi\".<\/span><\/p>\n<p><span style=\"color: #000000; font-family: Calibri;\">Il primo ferito di cui si sono avute notizie, due giorni fa, \u00e8 Andrea Avagnina, 53 anni, responsabile di un'edicola e consigliere comunale. Ieri \u00e8 stata ritrovata sua moglie, Marinella Ravotti, infermiera. Lo annuncia il fidanzato della figlia, Marcello De Giorgi, su Twitter: \"Finalmente abbiamo ritrovato Andrea e Marina, grazie a tutti per l'aiuto\". La donna sarebbe ricoverata all'ospedale Pasteur con il marito. <\/span><\/p>\n<p><span style=\"color: #000000; font-family: Calibri;\">Non si hanno ancora notizie, invece, della coppia di Voghera composta da Angelo D'Agostino, 71 anni, e Gianna Muset, di 68. Roberta Capelli, la nuora dei due pensionati, ha scritto su Twitter: \"Non abbiamo ancora notizie di Angelo D'Agostino e Muset Gianna. In ospedale tra i coscienti o con documenti non ci sono\". D'Agostino era andato con la moglie in Costa Azzurra per festeggiare la pensione. Un altro ferito italiano \u00e8 Gaetano Moscato, nonno-eroe cui hanno dovuto amputare una gamba perch\u00e9 si \u00e8 gettato per salvare la sua nipote. Proprio la sua nipote, Matilde, di 14 anni, \u00e8 un'altra dei feriti. Per il momento purtroppo \u00e8 ancora dispersa la mamma di Matilde, Carla Gaveglio di Piasco, irreperibile dalla notte del 14 luglio. \"Non ho nessuna notizia di mia moglie - ha detto il marito, Piero Massardi -. Mia figlia Matilde sta relativamente bene, io ora sono in reparto con lei e questo mi basta\".<\/span><\/p>\n<p><span style=\"color: #000000; font-family: Calibri;\">Per completare i riconoscimenti delle vittime, ci vorr\u00e0 ancora del tempo. Come spiega anche il capo dell'unit\u00e0 di crisi della Farnesina, Claudio Taffuri, le autorit\u00e0 francesi confermano le identit\u00e0 delle salme solo dopo aver effettuato un test del Dna. Solo a quel punto lo trasmettono alle controparti italiane. Questo spiega la lentezza nell'avere informazioni precise. Ci\u00f2 che \u00e8 certo, per il momento, \u00e8 ci sono quattro feriti italiani ricoverati all'ospedale Pasteur di Nizza.<\/span><\/p>\n","protected":false},"excerpt":{"rendered":"<p>\u00a0 Nizza (Francia), 17 Lug 2016 &#8211; Alcuni italiani &#8211; che erano nella lista dei dispersi dopo l&#8217;attentato di Nizza, in Francia &#8211; sarebbero stati&#8230;<\/p>\n","protected":false},"author":2,"featured_media":129691,"comment_status":"closed","ping_status":"closed","sticky":false,"template":"","format":"standard","meta":[],"categories":[49,50],"tags":[],"_links":{"self":[{"href":"https:\/\/www.cronacaonline.it\/index.php\/wp-json\/wp\/v2\/posts\/129690"}],"collection":[{"href":"https:\/\/www.cronacaonline.it\/index.php\/wp-json\/wp\/v2\/posts"}],"about":[{"href":"https:\/\/www.cronacaonline.it\/index.php\/wp-json\/wp\/v2\/types\/post"}],"author":[{"embeddable":true,"href":"https:\/\/www.cronacaonline.it\/index.php\/wp-json\/wp\/v2\/users\/2"}],"replies":[{"embeddable":true,"href":"https:\/\/www.cronacaonline.it\/index.php\/wp-json\/wp\/v2\/comments?post=129690"}],"version-history":[{"count":0,"href":"https:\/\/www.cronacaonline.it\/index.php\/wp-json\/wp\/v2\/posts\/129690\/revisions"}],"wp:featuredmedia":[{"embeddable":true,"href":"https:\/\/www.cronacaonline.it\/index.php\/wp-json\/wp\/v2\/media\/129691"}],"wp:attachment":[{"href":"https:\/\/www.cronacaonline.it\/index.php\/wp-json\/wp\/v2\/media?parent=129690"}],"wp:term":[{"taxonomy":"category","embeddable":true,"href":"https:\/\/www.cronacaonline.it\/index.php\/wp-json\/wp\/v2\/categories?post=129690"},{"taxonomy":"post_tag","embeddable":true,"href":"https:\/\/www.cronacaonline.it\/index.php\/wp-json\/wp\/v2\/tags?post=129690"}],"curies":[{"name":"wp","href":"https:\/\/api.w.org\/{rel}","templated":true}]}}