{"id":129408,"date":"2016-07-12T14:06:29","date_gmt":"2016-07-12T12:06:29","guid":{"rendered":"http:\/\/www.cronacaonline.it\/public\/content\/?p=129408"},"modified":"2016-07-12T14:06:29","modified_gmt":"2016-07-12T12:06:29","slug":"scontro-tra-due-treni-in-puglia-tra-corato-e-andria-vittime-e-feriti","status":"publish","type":"post","link":"https:\/\/www.cronacaonline.it\/index.php\/2016\/07\/12\/scontro-tra-due-treni-in-puglia-tra-corato-e-andria-vittime-e-feriti\/","title":{"rendered":"Scontro tra due treni in puglia tra Corato e Andria: 23 vittime e oltre 50 feriti"},"content":{"rendered":"<p><strong>Puglia, 12 Lug 2016 -\u00a0<\/strong>Grave incidente ferroviario intorno alle 11,30 sulla rete ferroviaria Bari-Nord, che collega Barletta al capoluogo pugliese. Il bilancio dello scontro tra i due convogli\u00a0\u00e8\u00a0di 23\u00a0morti e oltre 50 feriti.\u00a0Si tratterebbe di uno scontro frontale in un binario unico tra i due convogli di 4 vagoni uno proveniente da Andria e l'altro che aveva lasciato la stazione di Corato. I vigili del fuoco sono al lavoro tra le lamiere per estrarre le persone rimaste coinvolte nell'incidente.<\/p>\n<p>Secondo quando comunicato dalla Asl Bt, trentacinque sono i\u00a0feriti attualmente ricoverati ad Andria, 5 dei quali in prognosi\u00a0riservata ed \u00e8 in prognosi riservata anche una sesta persona\u00a0ricoverata a Barletta. A causa di gravi fratture vertebrali, per\u00a0questo paziente si \u00e8 reso necessario un intervento chirurgico.\u00a0Almeno 10 persone sono ricoverate a Bisceglie.<\/p>\n<p>\u201c\u00c8 presto per fare valutazioni, ma \u00e8\u00a0evidente che qualcosa non ha funzionato come avrebbe dovuto. E'\u00a0una tragedia incommensurabile. Ora ci dobbiamo occupare delle\u00a0persone a bordo, poi avremo il tempo di capire cosa \u00e8 successo\". Queste le parole del\u00a0direttore generale di\u00a0Ferrotramviaria, Massimo Nitti in un intervento\u00a0al Tg1. Nitti ha sottolineato\u00a0che \"sicuramente\u00a0qualcosa non \u00e8 andato come doveva andare: uno dei due treni non\u00a0doveva essere l\u00ec. Quale non so dirlo\".<\/p>\n<p>Una nota\u00a0diffusa da\u00a0Ferrotramviaria\u00a0\"chiarisce che al momento l'azienda non ha rilasciato alcuna\u00a0dichiarazione ufficiale\" sulle cause dell'incidente, spiegando\u00a0che sono circolate \"su alcuni siti internet ed alcuni blog,\u00a0false dichiarazioni attribuite al presidente di Ferrotramviaria,\u00a0Gloria Pasquini, circa presunte responsabilit\u00e0\".<\/p>\n<p>Sul posto \u00e8 giunto il procuratore aggiunto del\u00a0Tribunale di Trani Francesco Giannella ma ovviamente al momento\u00a0non \u00e8 possibile fare ipotesi. La pi\u00f9 accreditata \u00e8 quella\u00a0dell'errore umano ma stando alle prime ricostruzioni, \u00e8\u00a0improbabile che possa essersi trattato solo di errore. La procura di Trani indaga per\u00a0omicidio colposo plurimo e disastro ferroviario. Al momento il fascicolo \u00e8 stato\u00a0aperto a carico di ignoti.<\/p>\n<p>\u200b\"Una scena spaventosa,\u00a0allucinante, questo \u00e8 quello che ho visto\". Lo racconta un\u00a0agente di polizia, con la divisa impolverata e i guanti sulle\u00a0mani impegnato a scavare tra i detriti:\u00a0\"Ho visto persone morte, altre che\u00a0chiedevano aiuto, persone che piangevano. La scena pi\u00f9 brutta\u00a0della mia vita\".<\/p>\n<p>Secondo la ricercatrice\u00a0Stefania Gnesi\u00a0dell'Istituto di\u00a0scienza e tecnologie dell'informazione 'A. Faedo' del Consiglio\u00a0nazionale delle ricerche (Isti-Cnr), la causa dell'incidente ferroviario\u00a0in Puglia \u00e8 stata la mancanza di sistemi automatici di\u00a0supervisione della linea ferroviaria. \"Su quella tratta - aggiunge Giorgio Ferrari,\u00a0ricercatore del medesimo istituto Cnr - non esiste un sistema\u00a0automatico di segnalazione. Viene usato il cosiddetto 'blocco\u00a0telefonico' che si sostanzia nella comunicazione telefonica del\u00a0via libera sul binario unico. Questo sistema \u00e8 attualmente\u00a0utilizzato in una minima parte della rete ferroviaria\u00a0nazionale\".<\/p>\n<p>\"Bisogna fare piena luce su questa\u00a0inammissibile tragedia: occorre accertare subito e con\u00a0precisione responsabilit\u00e0 ed eventuali carenze\". Cos\u00ec\u00a0il presidente della Repubblica, Sergio Mattarella, che\u00a0ha espresso\u00a0\"profondo dolore\" per il gravissimo incidente ferroviario\u00a0accaduto quest'oggi in Puglia. \"Il mio primo pensiero - ha detto\u00a0Mattarella - va alle tante vittime e ai loro familiari, ai quali\u00a0desidero far pervenire vicinanza e solidariet\u00e0. Ai feriti\u00a0rivolgo gli auguri di pronta guarigione\".<\/p>\n<p>Il premier Matteo Renzi su Facebook ha scritto:\u00a0\"Lacrime e dolore per queste vite\u00a0spezzate e per le loro famiglie. Ma anche tanta, tanta rabbia.\u00a0L'Italia ha diritto di conoscere la verit\u00e0: vogliamo che sia\u00a0fatta chiarezza, su tutto. In serata sar\u00f2 in Puglia con gli enti\u00a0locali, la Regione, la Protezione civile e i ministeri\u00a0interessati\".\u00a0Il presidente del Consiglio\u00a0arriver\u00e0 attorno alle 20 nella prefettura di Bari dove\u00a0parteciper\u00e0 ad una riunione tecnica dell'unit\u00e0 di crisi che si\u00a0sta occupando dell'incidente ferroviario di Corato. All'incontro\u00a0\u00e8 prevista anche la partecipazione del ministro delle\u00a0Infrastrutture e Trasporti, Graziano Delrio.<\/p>\n<p>Il Governo riferir\u00e0 al Senato \"Mercoled\u00ec 13 luglio, alle ore 18.30 in\u00a0Aula informativa Ministro Trasporti Graziano Delrio su incidente\u00a0ferroviario in Puglia\".<\/p>\n<p>\"Servono medici e infermieri, chiunque\u00a0e' in grado di dare aiuto contatti la polizia\u00a0locale allo\u00a00808721014\". \"Tragedia #Puglia, emergenza sangue, cercasi\u00a0donatori\". Sono alcuni dei messaggi su Twitter per appelli\u00a0'operativi' per fronteggiare la sciagura ferroviaria di questa\u00a0mattina. La federazione pugliese donatori di sangue ha on-line\u00a0l'elenco dei centri trasfusionali della provincia di Bari. Di\u00a0ogni centro ci sono i recapiti telefonici, per accertarsi della\u00a0possibilit\u00e0 di donare il sangue.<\/p>\n<p>La Gazzetta del Mezzogiorno fa sapere che la direzione generale della Asl Bt ha diffuso dei numeri di telefono a cui rivolgersi per avere notizie delle persone rimaste ferite nell\u2019incidente ferroviario avvenuto in Puglia.\u00a0I numeri sono 0883 299411 - 299416 - 299750.\u00a0\u00a0Un centro di accoglienza per parenti delle vittime ed un centro di informazione per il ricongiungimento familiare dei passeggeri coinvolti nel tragico incidente di questa mattina sono stati allestiti nel palazzetto dello sport di Andria. Lo rende noto il servizio di Protezione Civile della Provincia di Bat. Per contattare i responsabili della struttura si pu\u00f2 chiamare il numero:\u00a0331-1713103.<\/p>\n<p>Sul luogo del disastro \u00e8 in arrivo il viceministro dei trasporti Nencini, mentre\u00a0il ministro delle Infrastrutture e\u00a0dei Trasporti, Graziano Delrio ha inviato sul luogo\u00a0dell'incidente ferroviario tra Andria e Corato due Ispettori del\u00a0Ministero delle Infrastrutture e dei Trasporti per le opportune\u00a0verifiche.<\/p>\n","protected":false},"excerpt":{"rendered":"<p>Puglia, 12 Lug 2016 &#8211;\u00a0Grave incidente ferroviario intorno alle 11,30 sulla rete ferroviaria Bari-Nord, che collega Barletta al capoluogo pugliese. Il bilancio dello scontro tra&#8230;<\/p>\n","protected":false},"author":2,"featured_media":129409,"comment_status":"closed","ping_status":"closed","sticky":false,"template":"","format":"standard","meta":[],"categories":[49,50],"tags":[],"_links":{"self":[{"href":"https:\/\/www.cronacaonline.it\/index.php\/wp-json\/wp\/v2\/posts\/129408"}],"collection":[{"href":"https:\/\/www.cronacaonline.it\/index.php\/wp-json\/wp\/v2\/posts"}],"about":[{"href":"https:\/\/www.cronacaonline.it\/index.php\/wp-json\/wp\/v2\/types\/post"}],"author":[{"embeddable":true,"href":"https:\/\/www.cronacaonline.it\/index.php\/wp-json\/wp\/v2\/users\/2"}],"replies":[{"embeddable":true,"href":"https:\/\/www.cronacaonline.it\/index.php\/wp-json\/wp\/v2\/comments?post=129408"}],"version-history":[{"count":0,"href":"https:\/\/www.cronacaonline.it\/index.php\/wp-json\/wp\/v2\/posts\/129408\/revisions"}],"wp:featuredmedia":[{"embeddable":true,"href":"https:\/\/www.cronacaonline.it\/index.php\/wp-json\/wp\/v2\/media\/129409"}],"wp:attachment":[{"href":"https:\/\/www.cronacaonline.it\/index.php\/wp-json\/wp\/v2\/media?parent=129408"}],"wp:term":[{"taxonomy":"category","embeddable":true,"href":"https:\/\/www.cronacaonline.it\/index.php\/wp-json\/wp\/v2\/categories?post=129408"},{"taxonomy":"post_tag","embeddable":true,"href":"https:\/\/www.cronacaonline.it\/index.php\/wp-json\/wp\/v2\/tags?post=129408"}],"curies":[{"name":"wp","href":"https:\/\/api.w.org\/{rel}","templated":true}]}}