{"id":129386,"date":"2016-07-12T07:51:46","date_gmt":"2016-07-12T05:51:46","guid":{"rendered":"http:\/\/www.cronacaonline.it\/public\/content\/?p=129386"},"modified":"2016-07-12T07:51:46","modified_gmt":"2016-07-12T05:51:46","slug":"banche-eurogruppo-crisi-italia-non-e-acuta-renzi-lintesa-e-a-portata-di-mano","status":"publish","type":"post","link":"https:\/\/www.cronacaonline.it\/index.php\/2016\/07\/12\/banche-eurogruppo-crisi-italia-non-e-acuta-renzi-lintesa-e-a-portata-di-mano\/","title":{"rendered":"Banche, eurogruppo: crisi Italia non \u00e8 acuta. Renzi: l&#8217;intesa \u00e8 a portata di mano"},"content":{"rendered":"<p>Bruxelles (Belgio), 12 Lug 2016 - \u00c8 massima la prudenza sul caso bancario italiano. Sulla\u00a0trattativa in corso tra Italia e Commissione europea non sono\u00a0emerse - ai margini delle discussioni dell'Eurogruppo -\u00a0novit\u00e0 rispetto a quanto emerso negli ultimi giorni.<\/p>\n<p>Le\u00a0discussioni riguardano la posizione dei creditori delle\u00a0banche che saranno interessate a ricapitalizzazioni\u00a0cautelative: l'Italia preme per salvaguardare anche gli\u00a0investitori istituzionali, mentre la Commissione ritiene che\u00a0un problema di fiducia nel sistema bancario e comunque un\u00a0problema di proporzionalit\u00e0 nella valutazione degli oneri\u00a0sui vari soggetti indicati dalle regole del 'bail-in' emerga\u00a0solo in riferimento agli investitori non istituzionali, quali\u00a0sono i risparmiatori che hanno investito in obbligazioni\u00a0convertibili.<\/p>\n<p>Con i giornalisti, il ministro Padoan ha parlato\u00a0genericamente di \"altri strumenti precauzionali\", oltre alla\u00a0possibilit\u00e0 gi\u00e0 prevista e autorizzata da Bruxelles di\u00a0garanzie pubbliche per fronteggiare eventuali crisi di\u00a0liquidit\u00e0, strumenti che saranno 'visti'. Sono proprio tali\u00a0strumenti oggetto del difficile negoziato con la Commissione\u00a0europea. La cosa certa \u00e8 che n\u00e9 le autorit\u00e0 comunitarie\u00a0n\u00e9 - almeno finora - l'autorit\u00e0 di supervisione bancaria,\u00a0cio\u00e8 la Bce, giudicano 'emergenziale' la situazione delle\u00a0banche italiane, tale cio\u00e8 da richiedere una sorta di\u00a0'sospensione' delle regole del 'bail-in' per una serie intera\u00a0di creditori.<\/p>\n<p>Prudente si \u00e8 dimostrato innanzitutto il ministro delle finanze\u00a0tedesche Schaeuble. Anche il presidente dell'Eurogruppo\u00a0Jeroen Dijsselbloem, che \u00e8 ministro olandese ed \u00e8 pressato\u00a0come non mai dagli euroscettici e dagli eurodubbiosi del\u00a0parlamento nazionale\u00a0in vista delle prossime elezioni in Olanda, previste per la prossima primavera.\u00a0Dijsselbloem adesso indica che la situazione italiana\u00a0non \"\u00e8 una crisi acuta\" e cos\u00ec prende tempo.<\/p>\n<p>L'appello alla prudenza \u00e8\u00a0anche volto a calmare le acque in Borsa, a evitare\u00a0sfiducia oltreconfine. \"I risparmiatori saranno tutelati dal\u00a0governo\", dice il nostro ministro dell'Economia Padoan. Non si parla di banche\u00a0italiane all'Eurogruppo, dice Padoan,\u00a0visibilmente molto irritato per il racconto\u00a0mediatico dell'\"affaire\", delle trattative Roma-Bruxelles. Infatti\u00a0le ricapitalizzazioni\u00a0preventive con interpretazioni flessibili delle regole del\u00a0'bail-in' non fanno parte dell'ordine del giorno\u00a0dell'Eurogruppo appena concluso e neanche dell'Ecofin di marted\u00ec. Per\u00f2 \u00e8 uno dei\u00a0temi sui quali intervengono pubblicamente molti ministri e per\u00a0Padoan \u00e8 l'occasione per verificare direttamente qual \u00e8\u00a0l'umore degli altri governi circa gli spazi possibili per\u00a0trovare una soluzione.<\/p>\n<p>Il vicepresidente della Commissione, Valdis Domborvskis non si \u00e8\u00a0sbilanciato, ribadendo che l'Ue collabora con Roma e che ci sono\u00a0\"diverse modalit\u00e0 in cui la questione pu\u00f2 essere\u00a0affrontata, se dovessero emergere problemi di liquidit\u00e0 o di\u00a0capitale, nel rispetto delle regole europee e senza danneggiare\u00a0la stabilit\u00e0 finanziaria o gli investitori al dettaglio\".<\/p>\n<p>Comunque \u00e8 il 29 luglio la data di\u00a0riferimento: l'Eba divulgher\u00e0 i risultati degli stress test. Se entro quella data non si saranno individuate\u00a0chiare soluzioni al caso Mps e\u00a0al resto dei problemi aperti nel sistema italiano in\u00a0relazione alle ricapitalizzazioni cautelative, allora s\u00ec che\u00a0ci potrebbero essere dei problemi seri di instabilit\u00e0.<\/p>\n<p>Sul tema delle banche italiane \u00e8 intervenuto, invece, con toni\u00a0piuttosto aspri il Financial Times, con un editoriale che parla\u00a0di crescenti dubbi sul settore e sulle riforma attuate.\u00a0Sostenendo che in Italia vi sarebbero perfino \"pi\u00f9 sportelli\u00a0bancari che pizzerie\", immagine che comunque il quotidiano\u00a0attribuisce all'Ocse, e che la soluzione ai problemi non pu\u00f2 che\u00a0passare da dolorosi tagli a \"decine di migliaia di posti di\u00a0lavoro\".\u00a0Paradossalmente, lo steso quotidiano riconosce al governo Renzi\u00a0di \"esser stato quello che ha fatto di pi\u00f9 negli ultimi 20 anni\u00a0per riformare il frammentato settore\". \"Ma molti temono che sia\u00a0troppo poco e troppo tardi\" e sfortunatamente il tempo per agire\u00a0sta finendo\", proprio mentre si avvicinano i referendum sulle\u00a0riforme costituzionali.<\/p>\n<p>Il\u00a0presidente del Consiglio Matteo Renzi, intervistato da Beppe\u00a0Severgnini su Corriere.it ha rilanciato la palla in Europa:\u00a0\"La sintesi dell'Economist \u00e8 che il\u00a0problema sono le banche ma io penso che in Ue il problema non \u00e8\u00a0la banca italiana.\u00a0Sono molto pi\u00f9 preoccupato dei\u00a0derivati delle banche di altri Paesi che non dei Non performing\u00a0loans, i crediti incagliati, delle nostre\". E poi: un accordo con l'Europa sulle banche\u00a0\"compatibile con le regole attuali \u00e8 alla portata di mano\". \"Vogliamo\u00a0che i risparmiatori e i correntisti italiani siano al sicuro\".<\/p>\n<p>Il premier ha sottolineato che\u00a0\"la tranquillit\u00e0 rispetto ai problemi\u00a0di alcune realt\u00e0 bancarie italiane la assicuriamo puntando a un\u00a0obiettivo banale: vogliamo che i risparmiatori e i correntisti\u00a0italiani siano al sicuro, punto. Poi le banche si devono fondere,\u00a0ci devono essere meno poltrone nei cda\". Poi, dopo\u00a0aver ribadito che il problema principale sono i derivati\u00a0nelle banche estere, Renzi ha aggiunto: \"In Italia abbiamo una\u00a0questione particolare rispetto agli altri. Nel 2010, 2011, 2012\u00a0forse si doveva fare allora l'intervento sulle banche che si\u00a0decise di non fare. Merkel ha messo 247 miliardi di euro nelle\u00a0banche tedesche, perch\u00e9 ha pensato fosse una buona occasione per\u00a0il sistema tedesca. Ora le regole sono cambiate, \u00e8 impossibile\u00a0farlo con le modalit\u00e0 di allora\". E \"non fu fatto per valutazioni\u00a0politiche dei governi di allora\".<\/p>\n","protected":false},"excerpt":{"rendered":"<p>Bruxelles (Belgio), 12 Lug 2016 &#8211; \u00c8 massima la prudenza sul caso bancario italiano. Sulla\u00a0trattativa in corso tra Italia e Commissione europea non sono\u00a0emerse -&#8230;<\/p>\n","protected":false},"author":2,"featured_media":127430,"comment_status":"closed","ping_status":"closed","sticky":false,"template":"","format":"standard","meta":[],"categories":[49,50],"tags":[],"_links":{"self":[{"href":"https:\/\/www.cronacaonline.it\/index.php\/wp-json\/wp\/v2\/posts\/129386"}],"collection":[{"href":"https:\/\/www.cronacaonline.it\/index.php\/wp-json\/wp\/v2\/posts"}],"about":[{"href":"https:\/\/www.cronacaonline.it\/index.php\/wp-json\/wp\/v2\/types\/post"}],"author":[{"embeddable":true,"href":"https:\/\/www.cronacaonline.it\/index.php\/wp-json\/wp\/v2\/users\/2"}],"replies":[{"embeddable":true,"href":"https:\/\/www.cronacaonline.it\/index.php\/wp-json\/wp\/v2\/comments?post=129386"}],"version-history":[{"count":0,"href":"https:\/\/www.cronacaonline.it\/index.php\/wp-json\/wp\/v2\/posts\/129386\/revisions"}],"wp:featuredmedia":[{"embeddable":true,"href":"https:\/\/www.cronacaonline.it\/index.php\/wp-json\/wp\/v2\/media\/127430"}],"wp:attachment":[{"href":"https:\/\/www.cronacaonline.it\/index.php\/wp-json\/wp\/v2\/media?parent=129386"}],"wp:term":[{"taxonomy":"category","embeddable":true,"href":"https:\/\/www.cronacaonline.it\/index.php\/wp-json\/wp\/v2\/categories?post=129386"},{"taxonomy":"post_tag","embeddable":true,"href":"https:\/\/www.cronacaonline.it\/index.php\/wp-json\/wp\/v2\/tags?post=129386"}],"curies":[{"name":"wp","href":"https:\/\/api.w.org\/{rel}","templated":true}]}}