{"id":129086,"date":"2016-07-05T07:37:10","date_gmt":"2016-07-05T05:37:10","guid":{"rendered":"http:\/\/www.cronacaonline.it\/public\/content\/?p=129086"},"modified":"2016-07-05T07:37:10","modified_gmt":"2016-07-05T05:37:10","slug":"direzione-pd-renzi-referendum-costituzionale-e-cruciale-per-la-credibilita-di-ognuno-di-noi","status":"publish","type":"post","link":"https:\/\/www.cronacaonline.it\/index.php\/2016\/07\/05\/direzione-pd-renzi-referendum-costituzionale-e-cruciale-per-la-credibilita-di-ognuno-di-noi\/","title":{"rendered":"Direzione Pd, Renzi: referendum costituzionale \u00e8 &#8220;cruciale per la credibilit\u00e0 di ognuno di noi&#8221;"},"content":{"rendered":"<p>Roma, 5 Lug 2016 - Dopo il rinvio della data per l'inatteso risultato del referendum sulla Brexit, si \u00e8 aperto l'appuntamento tanto atteso della direzione del Pd per un'analisi dell'esito delle elezioni amministrative. Presenti in sala anche\u00a0Pier Luigi Bersani, seduto a met\u00e0\u00a0sala, circondato dai parlamentari a lui vicini. E per la prima\u00a0volta dopo mesi, \u00e8 presente in direzione anche Massimo D'Alema. L'attesa non \u00e8 vissuta solo tra gli iscritti al partito ma anche fuori dal Pd e lo ha riconosciuto lo stesso segretario Renzi nel suo intervento introduttivo:\u00a0\"C'\u00e8 fuori un mondo che chiede al Pd\u00a0se ha le idee chiare, quella che si apre \u00e8 una stagione\u00a0difficile e affascinante nella quale scommetto sul fatto che il\u00a0Pd possa essere protagonista e non comparsa\".<\/p>\n<p>Il segretario del partito tenta di serrare le fila del Pd in vista del referendum costituzionale che ha definito cruciale \"non per i\u00a0destini di qualcuno ma per il futuro della credibilit\u00e0 della\u00a0classe politica italiana\". Alle critiche di chi\u00a0\"dice che non devo personalizzare,\u00a0personalizzi lui, se stesso. Faccia un banchetto, un comitato,\u00a0faccia la raccolta firme, dia una mano perch\u00e9 il referendum sia\u00a0di tutti\". Perch\u00e9, ha aggiunto, \"il problema non \u00e8 quello che accade a me\" dopo il referendum costituzionale, perch\u00e9 \"se il referendum\u00a0avr\u00e0 il risultato positivo che mi auguro, la classe politica\u00a0sar\u00e0 pi\u00f9 in condizione di guidare la trasformazione del Paese e\u00a0guardare al futuro con meno insidie\".<\/p>\n<p>Durante il suo intervento Renzi\u00a0ha voluto far vedere ai presenti il video con il\u00a0discorso di Giorgio Napolitano del 22 aprile 2013, al momento\u00a0della sua rielezione al Quirinale.\u00a0In quel discorso Napolitano sferzava il Parlamento per le\u00a0mancate riforme costituzionali e per il nulla di fatto sulla\u00a0legge elettorale, parole che furono applaudite dai parlamentari.\u00a0C'eravate voi ad applaudire. \"Avete applaudito voi - ha\u00a0commentato Renzi - io era a Palazzo Vecchio\".<\/p>\n<p>Parlando del risultato del referendum della Gran Bretagna, Renzi ha detto che\u00a0\"ci\u00f2 che \u00e8 accaduto su Brexit far\u00e0 pi\u00f9\u00a0male ai britannici che a noi, in fin dei conti. E' un clamoroso\u00a0errore del Regno Unito, l'Ue pu\u00f2 cogliere l'occasione del\u00a0referendum britannico per scrivere una pagina nuova\".<\/p>\n<p>\"Noi lo diciamo da tempo che l'Ue cos\u00ec\u00a0com'\u00e8 non va\". Renzi ha ricordato\u00a0come questo suo atteggiamento\u00a0abbia subito critiche anche nel Pd e in Parlamento, come quelle\u00a0dell'ex premier Mario Monti sulla flessibilit\u00e0. Parlando\u00a0della procedura di infrazione da parte della\u00a0Commissione Ue nei confronti di due paesi europei ha detto:\u00a0\"Credo che sarebbe un errore\u00a0rispondere a quello che \u00e8 accaduto in Gran Bretagna, sanzionando\u00a0Spagna e Portogallo\" perch\u00e9, ha aggiunto,\u00a0\"di fronte a ci\u00f2 che \u00e8 accaduto nel\u00a0Regno Unito la peggiore risposta sarebbe continuare con un\u00a0discorso tecnicistico e senza valori, senza prospettiva di\u00a0futuro\".<\/p>\n<p>Anche sul problema dell'immigrazione, Renzi ha ricordato come\u00a0\"nell'aprile 2015 quando la Guardia\u00a0costiera ci dice che si immagina un terribile evento nel\u00a0Mediterraneo, con possibili settecento morti, cambia la\u00a0percezione delle priorit\u00e0 in Europa. Inizia un percorso\u00a0complicato che porta l'Europa a essere meno timida. Perch\u00e9 le\u00a0immagini contano e la Germania non avrebbe mai cambiato\u00a0posizione sull'immigrazione se non ci fosse stato il pianto di\u00a0una bimba con la Merkel, se non ci fossero state le immagini\u00a0devastanti di Aylan o i video delle violenze a Colonia\". E' per questo che\u00a0\"abbiamo scelto per un'esigenza\u00a0insopprimibile di corrispondenza ai nostri valori, di andare a\u00a0prendere quel relitto. Riprenderlo significa dire che abbiamo\u00a0quei valori, valori fatti grandi nella storia della letteratura.\u00a0L'Europa ha nel suo dna dei valori che non si possono\u00a0sopprimere. Averlo fatto non significa solo aver messo al centro\u00a0l'esigenza di ci\u00f2 che fa l'Italia, ma di ci\u00f2 che siamo. Per\u00a0questo continueremo con il progetto di 80 milioni per il\u00a0rilancio di Ventotene e con il servizio civile europeo\", ha\u00a0aggiunto.<\/p>\n<p>Sulla gestione delle crisi bancarie, Renzi ha ribadito\u00a0di \"aver fatto tutto ci\u00f2 che serviva\",\u00a0definendo \"assolutamente ingiustificate e\u00a0indecenti le polemiche fatte anche da alcuni di noi\" sulla scia\u00a0della \"demagogia grillina\". Perch\u00e9 ha aggiunto, \"salvare i correntisti non significa\u00a0fare gli interessi delle lobby dei poteri forti\". E\u00a0\"noi abbiamo tolto la politica dalle banche, se si\u00a0fosse fatto prima non ci sarebbero stati guasti come quello del Monte dei Paschi di Siena\" e \"guardiamo a testa alta chiunque\". Cos\u00ec ha sottolineato che\u00a0\"se la misura sulle Popolari fosse stata presa nel 1998, con ministro del Tesoro Ciampi e direttore generale del Tesoro Draghi, la questione delle Popolari non si sarebbe posta come si \u00e8 posta\", a cominciare da quelle \"venete\".<\/p>\n<p>\"La pi\u00f9 grande lotta contro il\u00a0precariato l'abbiamo fatta con il Jobs Act. Pu\u00f2 piacere o no ma\u00a0il Jobs Act ha messo alle corde il precariato\", ha sostenuto il\u00a0premier.\u00a0Secondo Renzi \"la strada\" per far ripartire il mercato del\u00a0lavoro \u00e8 costituito da \"Jobs act, investimenti, diminuzione\u00a0delle tasse\". L'idea del reddito di cittadinanza d\u00e0 \"un\u00a0messaggio devastante\", perch\u00e9 \"il problema non \u00e8 dare una mano a\u00a0chi non ce la fa, perch\u00e9 tutti i Comuni e lo Stato centrale\u00a0cercano di farlo; il problema \u00e8 che \u00e8 il principio che non\u00a0funziona. Io non posso aver diritto a un stipendio solo perch\u00e9\u00a0sono cittadino: invece ho diritto a che ci si prenda cura di me,\u00a0ad avere delle opportunit\u00e0\".<\/p>\n<p>\"Il dato delle amministrative \u00e8\u00a0difficile da decifrare in modo organico, \u00e8 un dato molto\u00a0complesso difficile da sintetizzare. I successi Roma e Torino\u00a0attribuiscono al M5S indiscutibilmente la palma della vittoria\u00a0per l'importanza delle due citt\u00e0\", ha ammesso il segretario del Pd e poi aggiunge che\u00a0\"qualcuno dice che non c'e pi\u00f9 il\u00a0tocco magico. Lo sento dire nei balbettanti sussurrii che dal\u00a0Transatlantico provengono soprattutto dai miei amici, i\u00a0cosiddetti \"renziani\", espressione che considero una malattia.\u00a0Ma non c'era neanche nel 2014 quando abbiamo perso citt\u00e0\u00a0fondamentali come Livorno o Potenza\". E' vero che\u00a0\"ai ballottaggi abbiamo perso qualche\u00a0citt\u00e0. Succede a volte. I candidati si scelgono con le primarie\u00a0e le alleanze le scelgono i territori: dare una lettura\u00a0nazionale richiede molta fantasia\".<\/p>\n<p>Renzi ha posto anche il problema \"di organizzazione del\u00a0partito. Alla nostra straordinaria militanza dobbiamo un modello\u00a0organizzativo che non ricalchi gli errori del passato. - ha detto - Finch\u00e9 lo\u00a0guido io, le correnti non torneranno a guidare il partito, lo\u00a0dico innanzitutto ai renziani di stretta osservanza, della prima\u00a0o seconda ora o a quelli last minute. Non c'\u00e8 garanzia per\u00a0nessuno in questo partito, a iniziare da me. Girate, ascoltate,\u00a0fate i tavolini. O state in mezzo alla gente o voi e noi non\u00a0abbiamo futuro\". A chi\u00a0vuole porre fine al doppio incarico, il segretario risponde \"faccia approvare il cambio dello Statuto\" e a coloro che chiedono \"che io lasci non avete che\u00a0da chiedere un Congresso e possibilmente vincerlo\". Poi Renzi ammonisce chi \"si\u00a0diverte ad abbattere il leader\" che \"la strategia del Conte\u00a0Ugolino non funziona. Se volete i caminetti prendetevi un altro\u00a0segretario perch\u00e9 io voglio aprire le finestre e non chiuderle.\" Renzi ha sottolineato che \"questo partito non \u00e8 un partito\u00a0personale, non \u00e8 mio, non appartiene a una persona, al suo\u00a0commercialista, al suo nipote e al suo cofondatore. Appartiene a\u00a0una comunit\u00e0 di donne e uomini e io sono la dimostrazione che \u00e8\u00a0scalabile\".\u00a0Quanto all'organizzazione del partito, sottolinea: \"Gi\u00e0 ai\u00a0tempi di Veltroni, Franceschini e Bersani c'era una discussione\u00a0sul modello organizzativo. Non si \u00e8 trovata una soluzione.\u00a0Possiamo dire che \u00e8 responsabilit\u00e0 di questa segreteria?\u00a0Possiamo farlo. Ma dobbiamo immaginare un modello a fronte del\u00a0quadro che abbiamo\".<\/p>\n<p>Il segretario del partito ha anche anticipato la data dell'assemblea\u00a0nazionale del Pd che si\u00a0svolger\u00e0 il 20 e il 21 luglio e avr\u00e0 come tema l'Europa\".<\/p>\n<p>Nel G7 di Taormina, il 26 e 27 maggio\u00a02017, \"dal Teatro greco cercheremo di lanciare i valori della\u00a0nostra cultura\" come risposta anche agli estremismi, \"insieme al\u00a0nuovo presidente o - io spero - alla nuova presidente degli Usa,\u00a0e ai Paesi del G7\", ha affermato il premier<\/p>\n","protected":false},"excerpt":{"rendered":"<p>Roma, 5 Lug 2016 &#8211; Dopo il rinvio della data per l&#8217;inatteso risultato del referendum sulla Brexit, si \u00e8 aperto l&#8217;appuntamento tanto atteso della direzione&#8230;<\/p>\n","protected":false},"author":2,"featured_media":129087,"comment_status":"closed","ping_status":"closed","sticky":false,"template":"","format":"standard","meta":[],"categories":[49,50],"tags":[],"_links":{"self":[{"href":"https:\/\/www.cronacaonline.it\/index.php\/wp-json\/wp\/v2\/posts\/129086"}],"collection":[{"href":"https:\/\/www.cronacaonline.it\/index.php\/wp-json\/wp\/v2\/posts"}],"about":[{"href":"https:\/\/www.cronacaonline.it\/index.php\/wp-json\/wp\/v2\/types\/post"}],"author":[{"embeddable":true,"href":"https:\/\/www.cronacaonline.it\/index.php\/wp-json\/wp\/v2\/users\/2"}],"replies":[{"embeddable":true,"href":"https:\/\/www.cronacaonline.it\/index.php\/wp-json\/wp\/v2\/comments?post=129086"}],"version-history":[{"count":0,"href":"https:\/\/www.cronacaonline.it\/index.php\/wp-json\/wp\/v2\/posts\/129086\/revisions"}],"wp:featuredmedia":[{"embeddable":true,"href":"https:\/\/www.cronacaonline.it\/index.php\/wp-json\/wp\/v2\/media\/129087"}],"wp:attachment":[{"href":"https:\/\/www.cronacaonline.it\/index.php\/wp-json\/wp\/v2\/media?parent=129086"}],"wp:term":[{"taxonomy":"category","embeddable":true,"href":"https:\/\/www.cronacaonline.it\/index.php\/wp-json\/wp\/v2\/categories?post=129086"},{"taxonomy":"post_tag","embeddable":true,"href":"https:\/\/www.cronacaonline.it\/index.php\/wp-json\/wp\/v2\/tags?post=129086"}],"curies":[{"name":"wp","href":"https:\/\/api.w.org\/{rel}","templated":true}]}}