{"id":128945,"date":"2016-07-01T07:36:26","date_gmt":"2016-07-01T05:36:26","guid":{"rendered":"http:\/\/www.cronacaonline.it\/public\/content\/?p=128945"},"modified":"2016-07-01T07:36:26","modified_gmt":"2016-07-01T05:36:26","slug":"italia-eletta-come-membro-non-permanente-del-consiglio-di-sicurezza-dellonu","status":"publish","type":"post","link":"https:\/\/www.cronacaonline.it\/index.php\/2016\/07\/01\/italia-eletta-come-membro-non-permanente-del-consiglio-di-sicurezza-dellonu\/","title":{"rendered":"Italia eletta come membro non permanente del consiglio di sicurezza dell&#8217;Onu"},"content":{"rendered":"<p>New York (Usa), 1 Lug 2016 - L'Italia \u00e8 stata eletta, con 179 voti, come membro non permanente del Consiglio di Sicurezza dell'Onu per il 2017. l'Assemblea Generale ha avvallato l'intesa raggiunta con l'Olanda in base alla quale quest'ultima ha ritirato la sua candidatura per il gruppo dell'Europa occidentale.<\/p>\n<p>Roma sieder\u00e0 nell'organo esecutivo delle nazioni unite dal prossimo 1 gennaio e alla fine del 2017 ci sar\u00e0 la staffetta, con il ritiro dell'Italia e l'elezione dell'Olanda.<\/p>\n<p>\"179 voti e entriamo nel consiglio di sicurezza dell'Onu. Un onore per l'Italia, un buon accordo con l'Olanda\". Cos\u00ec il Ministro degli Esteri Paolo Gentiloni su twitter, dopo il voto all'assemblea generale con cui l'Italia \u00e8 stata eletta nell'organo esecutivo dell'Onu per il 2017, in staffetta con l'Olanda, che entrer\u00e0 nel 2018.<\/p>\n","protected":false},"excerpt":{"rendered":"<p>New York (Usa), 1 Lug 2016 &#8211; L&#8217;Italia \u00e8 stata eletta, con 179 voti, come membro non permanente del Consiglio di Sicurezza dell&#8217;Onu per il&#8230;<\/p>\n","protected":false},"author":2,"featured_media":128946,"comment_status":"closed","ping_status":"closed","sticky":false,"template":"","format":"standard","meta":[],"categories":[49,50],"tags":[],"_links":{"self":[{"href":"https:\/\/www.cronacaonline.it\/index.php\/wp-json\/wp\/v2\/posts\/128945"}],"collection":[{"href":"https:\/\/www.cronacaonline.it\/index.php\/wp-json\/wp\/v2\/posts"}],"about":[{"href":"https:\/\/www.cronacaonline.it\/index.php\/wp-json\/wp\/v2\/types\/post"}],"author":[{"embeddable":true,"href":"https:\/\/www.cronacaonline.it\/index.php\/wp-json\/wp\/v2\/users\/2"}],"replies":[{"embeddable":true,"href":"https:\/\/www.cronacaonline.it\/index.php\/wp-json\/wp\/v2\/comments?post=128945"}],"version-history":[{"count":0,"href":"https:\/\/www.cronacaonline.it\/index.php\/wp-json\/wp\/v2\/posts\/128945\/revisions"}],"wp:featuredmedia":[{"embeddable":true,"href":"https:\/\/www.cronacaonline.it\/index.php\/wp-json\/wp\/v2\/media\/128946"}],"wp:attachment":[{"href":"https:\/\/www.cronacaonline.it\/index.php\/wp-json\/wp\/v2\/media?parent=128945"}],"wp:term":[{"taxonomy":"category","embeddable":true,"href":"https:\/\/www.cronacaonline.it\/index.php\/wp-json\/wp\/v2\/categories?post=128945"},{"taxonomy":"post_tag","embeddable":true,"href":"https:\/\/www.cronacaonline.it\/index.php\/wp-json\/wp\/v2\/tags?post=128945"}],"curies":[{"name":"wp","href":"https:\/\/api.w.org\/{rel}","templated":true}]}}