{"id":128767,"date":"2016-06-28T12:21:48","date_gmt":"2016-06-28T10:21:48","guid":{"rendered":"http:\/\/www.cronacaonline.it\/public\/content\/?p=128767"},"modified":"2016-06-28T12:21:48","modified_gmt":"2016-06-28T10:21:48","slug":"brexit-oggi-primo-consiglio-europeo-merkel-nessun-colloquio-senza-richiesta-uscita","status":"publish","type":"post","link":"https:\/\/www.cronacaonline.it\/index.php\/2016\/06\/28\/brexit-oggi-primo-consiglio-europeo-merkel-nessun-colloquio-senza-richiesta-uscita\/","title":{"rendered":"Brexit, oggi primo consiglio europeo. Merkel: &#8220;nessun colloquio senza richiesta uscita&#8221;"},"content":{"rendered":"<p>Bruxelles, 28 Giu 2016 - \"Prendiamo atto che la Gran Bretagna non ha ancora presentato richiesta formale di uscita, ma la Gran Bretagna prenda atto che nessun colloquio informale potr\u00e0 partire prima\". Lo ha detto Angela Merkel intervenendo al Bundestag nella comunicazione del governo sulla Brexit. La cancelliera ha aggiunto che il quadro delle procedure per l'uscita \u00e8 gi\u00e0 tracciato nell'articolo 50 del trattato di Lisbona.<\/p>\n<p>\"La Germania e l'Ue condurranno le\u00a0trattative per l'uscita della Gran Bretagna sulla base dei\u00a0propri interessi. Significa che le trattative con uno Stato\u00a0terzo non possono mettere in discussione le conquiste dell'unit\u00e0\u00a0europea per i suoi 27 membri\" ha aggiunto la Cancelliera.<\/p>\n<p>\"La Gran Bretagna non pu\u00f2\u00a0aspettarsi di non avere pi\u00f9 obblighi ma mantenere i privilegi\"\u00a0di un legame con l'Ue, ha inoltre sottolineato Merkel in un passaggio del suo intervento.<\/p>\n<p>Si apre questo pomeriggio a Bruxelles il primo Consiglio europeo dopo la decisione del Regno Unito di uscire dall'Unione europea. Nella riunione - che oggi sar\u00e0 ancora a 28, mentre da domani i Paesi membri scenderanno a 27 dopo l'addio del Regno Unito - si discuter\u00e0 innanzi tutto dell'esito del referendum del 23 giugno.\u00a0Le procedure di uscita della Gran Bretagna dalla Ue, da regolamento, possono durare anche due anni.<\/p>\n<p>Oltre all'aspetto politico, c'\u00e8 quello finanziario. Le Banche centrali sono riunite a Sintra in Portogallo, dove mercoled\u00ec - giorno di chiusura del Consiglio europeo - parler\u00e0 il governatore Mario Draghi, per la prima volta dopo la Brexit.<\/p>\n<p>\"La decisione della Gran Bretagna \u00e8 una decisione del popolo che pero' tocca tutti i cittadini dell'Ue. Per questo \u00e8 opportuno che tutti i parlamentari ne discutano. Per me \u00e8 un'esigenza dire a tutti i colleghi britannici qui in Parlamento che deploriamo la decisone britannica di abbandonare la Ue ma anche di dire loro che gli siamo tutti legati profondamente e umanamente. Oggi discuteremo dell'articolo 50 e della sua attivazione\". Lo ha detto il presidente dell'europarlamento Martin Schulz in apertura dei lavori dell'europarlamento. Si tratta di una sessione plenaria straordinaria al termine della quale sar\u00e0 votata una risoluzione non vincolante che contribuir\u00e0 alla riunione dei 27 capi di Stato e di governo sullo stesso tema, prevista per mercoled\u00ec.<\/p>\n<p>\"Bisogna rispettare il voto\" del referendum e \"bisogna trarre le conseguenze\" e \"vorrei che il Regno Unito chiarisse, non domani mattina, ma chiarisse la propria posizione\". Lo dice Juncker in plenaria precisando di non volere che \"si affermasse l'idea di negoziati segreti a porte chiuse\" con i rappresentanti di Londra tanto che, sottolinea, \"ho vietato ai commissari di discutere con i rappresentanti del governo britannico\". \"No notification, no negotiation\" ha scandito.<\/p>\n","protected":false},"excerpt":{"rendered":"<p>Bruxelles, 28 Giu 2016 &#8211; &#8220;Prendiamo atto che la Gran Bretagna non ha ancora presentato richiesta formale di uscita, ma la Gran Bretagna prenda atto&#8230;<\/p>\n","protected":false},"author":2,"featured_media":128641,"comment_status":"closed","ping_status":"closed","sticky":false,"template":"","format":"standard","meta":[],"categories":[49,50],"tags":[],"_links":{"self":[{"href":"https:\/\/www.cronacaonline.it\/index.php\/wp-json\/wp\/v2\/posts\/128767"}],"collection":[{"href":"https:\/\/www.cronacaonline.it\/index.php\/wp-json\/wp\/v2\/posts"}],"about":[{"href":"https:\/\/www.cronacaonline.it\/index.php\/wp-json\/wp\/v2\/types\/post"}],"author":[{"embeddable":true,"href":"https:\/\/www.cronacaonline.it\/index.php\/wp-json\/wp\/v2\/users\/2"}],"replies":[{"embeddable":true,"href":"https:\/\/www.cronacaonline.it\/index.php\/wp-json\/wp\/v2\/comments?post=128767"}],"version-history":[{"count":0,"href":"https:\/\/www.cronacaonline.it\/index.php\/wp-json\/wp\/v2\/posts\/128767\/revisions"}],"wp:featuredmedia":[{"embeddable":true,"href":"https:\/\/www.cronacaonline.it\/index.php\/wp-json\/wp\/v2\/media\/128641"}],"wp:attachment":[{"href":"https:\/\/www.cronacaonline.it\/index.php\/wp-json\/wp\/v2\/media?parent=128767"}],"wp:term":[{"taxonomy":"category","embeddable":true,"href":"https:\/\/www.cronacaonline.it\/index.php\/wp-json\/wp\/v2\/categories?post=128767"},{"taxonomy":"post_tag","embeddable":true,"href":"https:\/\/www.cronacaonline.it\/index.php\/wp-json\/wp\/v2\/tags?post=128767"}],"curies":[{"name":"wp","href":"https:\/\/api.w.org\/{rel}","templated":true}]}}