{"id":128352,"date":"2016-06-17T11:33:51","date_gmt":"2016-06-17T09:33:51","guid":{"rendered":"http:\/\/www.cronacaonline.it\/public\/content\/?p=128352"},"modified":"2016-06-17T11:33:51","modified_gmt":"2016-06-17T09:33:51","slug":"sangue-sulla-brexit-in-gran-bretagna-killer-della-deputata-jo-cox-sostenitore-di-partito-neonazista","status":"publish","type":"post","link":"https:\/\/www.cronacaonline.it\/index.php\/2016\/06\/17\/sangue-sulla-brexit-in-gran-bretagna-killer-della-deputata-jo-cox-sostenitore-di-partito-neonazista\/","title":{"rendered":"Sangue sulla Brexit in Gran Bretagna: Killer della deputata Jo Cox sostenitore di partito neonazista."},"content":{"rendered":"<p>Londra (Regno Unito), 17 Giu 2016 - La morte di Helen Joanne Cox, la deputata\u00a0britannica laburista aggredita ieri a colpi di arma da fuoco e a\u00a0coltellate allunga ombre lunghe sulla campagna referendaria sulla Brexit, l'ipotesi di uscita della Gran Bretagna dall'Unione Europea. E ancora non \u00e8 facile prevedere quali potranno essere gli effetti sul voto di gioved\u00ec prossimo, 23 giugno.<\/p>\n<p>Dalle indagini emerge intanto un profilo inquietante di Thomas Mair, l'uomo arrestato per l'aggressione e l'omicidio della parlamentare.\u00a0Il sospetto killer si chiama Thomas Mair ed\u00a0\u00e8 stato un\u00a0\"devoto sostenitore\" di un gruppo neonazista con sede negli Stati\u00a0Uniti. \u00a0Secondo il Southern Poverty Law Centre, Mair ha un \"lungo passato con il nazionalismo bianco\".\u00a0In base agli\u00a0archivi ottenuti dal Southern Poverty Law Centre, Mair \u00e8 stato un\u00a0\"devoto sostenitore dell'Alleanza nazionale, che per decine di\u00a0anni \u00e8 stata l'organizzazione neonazista pi\u00f9 importante degli\u00a0Stati Uniti\", ha rivelato sul suo sito internet il gruppo. \u00a0Mair avrebbe speso oltre\u00a0550 euro in opere dell'Alleanza nazionale, gruppo che teorizza la\u00a0creazione di una nazione popolata esclusivamente da bianchi e lo\u00a0smantellamento del popolo ebraico.Secondo suo fratello, Scott Mair, l'uomo ha sofferto di\u00a0disturbi mentali ed \u00e8 stato in terapia. Secondo\u00a0l'Independent il killer era legato a\u00a0un gruppo suprematista\u00a0bianco, visceralmente ostile all'Europa e simpatizzante del\u00a0vecchio apartheid sudafricano.<\/p>\n<p>Mair Avrebbe urlato \"Britain first!\",\u00a0cio\u00e8 \"Prima la Gran Bretagna\" durante l'aggressione. La deputata labour \u00e8 stata attaccata a Birstall, vicino a Leeds. Secondo la Bbc \u00e8 stata ferita con un coltello e anche con colpi d'arma da fuoco. Jo Cox, 41 anni, si \u00e8 anche occupata del conflitto siriano.\u00a0La deputata in gravi condizioni era stata trasportata in eliambulanza all'ospedale di Leeds. La politica si trovava nella sua circoscrizione per il consueto incontro con gli elettori.<\/p>\n<p>La deputata laburista\u00a0aveva ricevuto diversi messaggi di\u00a0minacce negli ultimi tre mesi. Ma nonostante questo, sottolinea\u00a0il Times, la revisione delle misure di protezione per Jo Cox da\u00a0parte della polizia era ancora in corso.\u00a0\u00a0Le autorit\u00e0 stavano valutando se\u00a0rafforzare la sicurezza, spiega ancora il Times, proprio nel\u00a0luogo in cui \u00e8 avvenuto l'omicidio, mentre la parlamentare\u00a0incontrava i suoi elettori, e anche davanti alla sua casa di\u00a0Londra, una barca convertita in abitazione vicino a Tower.<\/p>\n<p>\"I media stanno disperatamente\u00a0cercando di coinvolgerci in questo fatto. 'Britain First'\u00a0chiaramente non \u00e8 coinvolto e non incoraggerebbe mai un\u00a0comportamento di questo tipo\", si legge sul sito Internet della\u00a0formazione politica di estrema destra.<\/p>\n<p>Il primo ministro David Cameron\u00a0\u00e8 stato informato dell'accaduto e ha espresso profonda\u00a0\"preoccupazione\" per l'attacco, Boris Johnson ha sospeso il tour\u00a0sul bus della campagna referendaria \"Vote leave\" dopo aver\u00a0ricevuto la notizia. L'ex sindaco di Londra, fra i maggiori\u00a0esponenti euroscettici, ha definito il fatto \"assolutamente orribile\". Anche la campagna 'Remain' dopo\u00a0quella 'Leave' ha deciso di sospendere la campagna per il\u00a0referendum sulla Brexit.<\/p>\n<p>Il premier britannico David Cameron\u00a0ha cancellato un evento pro Unione Europea previsto a Gibilterra, e su twitter esprime il suo cordoglio: \"La morte di Jo Cox \u00e8 una tragedia.\u00a0Era una parlamentare impegnata e attenta, il mio pensiero va a\u00a0suo marito Brendan e ai suoi due figli piccoli\".<\/p>\n<p>&nbsp;<\/p>\n","protected":false},"excerpt":{"rendered":"<p>Londra (Regno Unito), 17 Giu 2016 &#8211; La morte di Helen Joanne Cox, la deputata\u00a0britannica laburista aggredita ieri a colpi di arma da fuoco e&#8230;<\/p>\n","protected":false},"author":2,"featured_media":128353,"comment_status":"closed","ping_status":"closed","sticky":false,"template":"","format":"standard","meta":[],"categories":[49,50],"tags":[],"_links":{"self":[{"href":"https:\/\/www.cronacaonline.it\/index.php\/wp-json\/wp\/v2\/posts\/128352"}],"collection":[{"href":"https:\/\/www.cronacaonline.it\/index.php\/wp-json\/wp\/v2\/posts"}],"about":[{"href":"https:\/\/www.cronacaonline.it\/index.php\/wp-json\/wp\/v2\/types\/post"}],"author":[{"embeddable":true,"href":"https:\/\/www.cronacaonline.it\/index.php\/wp-json\/wp\/v2\/users\/2"}],"replies":[{"embeddable":true,"href":"https:\/\/www.cronacaonline.it\/index.php\/wp-json\/wp\/v2\/comments?post=128352"}],"version-history":[{"count":0,"href":"https:\/\/www.cronacaonline.it\/index.php\/wp-json\/wp\/v2\/posts\/128352\/revisions"}],"wp:featuredmedia":[{"embeddable":true,"href":"https:\/\/www.cronacaonline.it\/index.php\/wp-json\/wp\/v2\/media\/128353"}],"wp:attachment":[{"href":"https:\/\/www.cronacaonline.it\/index.php\/wp-json\/wp\/v2\/media?parent=128352"}],"wp:term":[{"taxonomy":"category","embeddable":true,"href":"https:\/\/www.cronacaonline.it\/index.php\/wp-json\/wp\/v2\/categories?post=128352"},{"taxonomy":"post_tag","embeddable":true,"href":"https:\/\/www.cronacaonline.it\/index.php\/wp-json\/wp\/v2\/tags?post=128352"}],"curies":[{"name":"wp","href":"https:\/\/api.w.org\/{rel}","templated":true}]}}