{"id":128337,"date":"2016-06-16T18:52:21","date_gmt":"2016-06-16T16:52:21","guid":{"rendered":"http:\/\/www.cronacaonline.it\/public\/content\/?p=128337"},"modified":"2016-06-16T18:52:21","modified_gmt":"2016-06-16T16:52:21","slug":"gb-e-morta-la-deputata-laburista-jo-cox-aggredita-al-grido-di-britain-first","status":"publish","type":"post","link":"https:\/\/www.cronacaonline.it\/index.php\/2016\/06\/16\/gb-e-morta-la-deputata-laburista-jo-cox-aggredita-al-grido-di-britain-first\/","title":{"rendered":"Gb, \u00e8 morta la deputata laburista Jo Cox aggredita al grido di &#8220;Britain First&#8221;"},"content":{"rendered":"<p>Londra, 16 Giu 2016 - E' morta Helen Joanne Cox, la deputata\u00a0britannica laburista aggredita oggi a colpi di arma da fuoco e a\u00a0coltellate a Birstall, nel suo collegio elettorale. Lo ha reso\u00a0noto la polizia locale, nel corso di una conferenza stampa. Le\u00a0condizioni della donna, 41 anni, erano apparse subito gravi.\u00a0Gli inquirenti hanno confermato che un uomo \u00e8 stato fermato per\u00a0l'aggressione, e che al momento non ci sono altri sospettati.<\/p>\n<p>Avrebbe urlato \"Britain first!\",\u00a0cio\u00e8 \"Prima la Gran Bretagna\" l'uomo che oggi nello Yorkshire\u00a0ha aggredito e ferito Jo Cox, deputata del Partito Laburista\u00a0nota tra l'altro per la sua contrariet\u00e0 alla Brexit, l'uscita\u00a0del Regno Unito dall'Unione Europea su cui\u00a0si\u00a0voter\u00e0 nel referendum di gioved\u00ec prossimo. Lo ha riferito uno\u00a0dei testimoni oculari, citato dell'Independent\u00a0on line. La deputata labour \u00e8 stata attaccata a Birstall, vicino a Leeds. Secondo la Bbc \u00e8 stata ferita con un coltello e anche con colpi d'arma da fuoco. Jo Cox, 41 anni, si \u00e8 anche occupata del conflitto siriano.<\/p>\n<p>La deputata in gravi condizioni era stata trasportata in eliambulanza all'ospedale di Leeds. La politica si trovava nella sua circoscrizione per il consueto incontro con gli elettori. Secondo la Bbc, nel corso dell'attacco anche un uomo \u00e8 stato accoltellato.<\/p>\n<p>\"I media stanno disperatamente\u00a0cercando di coinvolgerci in questo fatto.<\/p>\n<p>'Britain First'\u00a0chiaramente non \u00e8 coinvolto e non incoraggerebbe mai un\u00a0comportamento di questo tipo\", si legge sul sito Internet della\u00a0formazione politica di estrema destra.<\/p>\n<p>Il primo ministro David Cameron\u00a0\u00e8 stato informato dell'accaduto e ha espresso profonda\u00a0\"preoccupazione\" per l'attacco, Boris Johnson ha sospeso il tour\u00a0sul bus della campagna referendaria \"Vote leave\" dopo aver\u00a0ricevuto la notizia. L'ex sindaco di Londra, fra i maggiori\u00a0esponenti euroscettici, ha definito il fatto \"assolutamente orribile\". Anche la campagna 'Remain' dopo\u00a0quella 'Leave' ha deciso di sospendere la campagna per il\u00a0referendum sulla Brexit.<\/p>\n<p>Il premier britannico David Cameron\u00a0ha cancellato un evento pro Unione Europea previsto a Gibilterra, e su twitter esprime il suo cordoglio: \"La morte di Jo Cox \u00e8 una tragedia.\u00a0Era una parlamentare impegnata e attenta, il mio pensiero va a\u00a0suo marito Brendan e ai suoi due figli piccoli\".<\/p>\n","protected":false},"excerpt":{"rendered":"<p>Londra, 16 Giu 2016 &#8211; E&#8217; morta Helen Joanne Cox, la deputata\u00a0britannica laburista aggredita oggi a colpi di arma da fuoco e a\u00a0coltellate a Birstall,&#8230;<\/p>\n","protected":false},"author":2,"featured_media":128317,"comment_status":"closed","ping_status":"closed","sticky":false,"template":"","format":"standard","meta":[],"categories":[49,50],"tags":[],"_links":{"self":[{"href":"https:\/\/www.cronacaonline.it\/index.php\/wp-json\/wp\/v2\/posts\/128337"}],"collection":[{"href":"https:\/\/www.cronacaonline.it\/index.php\/wp-json\/wp\/v2\/posts"}],"about":[{"href":"https:\/\/www.cronacaonline.it\/index.php\/wp-json\/wp\/v2\/types\/post"}],"author":[{"embeddable":true,"href":"https:\/\/www.cronacaonline.it\/index.php\/wp-json\/wp\/v2\/users\/2"}],"replies":[{"embeddable":true,"href":"https:\/\/www.cronacaonline.it\/index.php\/wp-json\/wp\/v2\/comments?post=128337"}],"version-history":[{"count":0,"href":"https:\/\/www.cronacaonline.it\/index.php\/wp-json\/wp\/v2\/posts\/128337\/revisions"}],"wp:featuredmedia":[{"embeddable":true,"href":"https:\/\/www.cronacaonline.it\/index.php\/wp-json\/wp\/v2\/media\/128317"}],"wp:attachment":[{"href":"https:\/\/www.cronacaonline.it\/index.php\/wp-json\/wp\/v2\/media?parent=128337"}],"wp:term":[{"taxonomy":"category","embeddable":true,"href":"https:\/\/www.cronacaonline.it\/index.php\/wp-json\/wp\/v2\/categories?post=128337"},{"taxonomy":"post_tag","embeddable":true,"href":"https:\/\/www.cronacaonline.it\/index.php\/wp-json\/wp\/v2\/tags?post=128337"}],"curies":[{"name":"wp","href":"https:\/\/api.w.org\/{rel}","templated":true}]}}