{"id":128328,"date":"2016-06-16T17:55:05","date_gmt":"2016-06-16T15:55:05","guid":{"rendered":"http:\/\/www.cronacaonline.it\/public\/content\/?p=128328"},"modified":"2016-06-16T17:55:05","modified_gmt":"2016-06-16T15:55:05","slug":"biblioteche-beni-librari-festival-dalla-giunta-37-milioni-per-la-promozione-della-lettura","status":"publish","type":"post","link":"https:\/\/www.cronacaonline.it\/index.php\/2016\/06\/16\/biblioteche-beni-librari-festival-dalla-giunta-37-milioni-per-la-promozione-della-lettura\/","title":{"rendered":"Biblioteche, beni librari, festival: dalla giunta 3,7 milioni per la promozione della lettura"},"content":{"rendered":"<p>Cagliari, 16 Giu 2016 -\u00a0Per promuovere la lettura, sostenere lo sviluppo della rete delle biblioteche, conservare il patrimonio librario e documentario della Sardegna, l\u2019Esecutivo ha stanziato risorse per circa 3,7 milioni di euro per il 2016, approvando questa mattina in Giunta la delibera presentata dall\u2019assessore della Cultura e Pubblica Istruzione Claudia Firino.<\/p>\n<p>\u201cL\u2019educazione alla lettura si raggiunge attraverso diversi strumenti. Poniamo al centro della nostra politica i giovani e le scuole. Con questo atto programmiamo gli interventi per questo tipo di promozione \u2013 ha detto Firino \u2013 incrementando le risorse rispetto allo scorso anno. Lavoriamo in primo luogo sulle biblioteche con gli stanziamenti agli enti locali perch\u00e9 si possa aumentare il patrimonio librario delle biblioteche. Inoltre interveniamo per la promozione dei festival letterari che negli anni si sono affermati nell\u2019isola non solo attirando talenti e pubblico in Sardegna, ma fungendo anche da strumento di avvicinamento alla lettura durante il resto dell'anno grazie ai legami pi\u00f9 stretti tra scuole e biblioteche\".<\/p>\n<p>La ripartizione.\u00a0Per il funzionamento dei sistemi bibliotecari \u00e8 previsto un contributo di 130mila euro, mentre 880mila euro saranno destinati agli enti locali perch\u00e9 abbiano la possibilit\u00e0 di sostenere le biblioteche del territorio. Per la realizzazione di festival letterari e per la promozione della lettura sono previsti 688mila 500 euro, e altri 30mila per le attivit\u00e0 del Centro regionale di programmazione Biblioteche ragazzi.<\/p>\n<p>Ai Csc Unla e Umanitaria di Cagliari, Alghero, Carbonia- Iglesias, Macomer e Oristano vanno 1 milione 880 mila. Sono stati stanziati invece 10mila euro per l\u2019acquisto di materiali da parte del Centro di tutela e restauro dei beni librari e 34mila 500 per i contenuti digitali per Biblioteca e uffici regionali.<\/p>\n","protected":false},"excerpt":{"rendered":"<p>Cagliari, 16 Giu 2016 &#8211;\u00a0Per promuovere la lettura, sostenere lo sviluppo della rete delle biblioteche, conservare il patrimonio librario e documentario della Sardegna, l\u2019Esecutivo ha&#8230;<\/p>\n","protected":false},"author":2,"featured_media":115396,"comment_status":"closed","ping_status":"closed","sticky":false,"template":"","format":"standard","meta":[],"categories":[49,52],"tags":[],"_links":{"self":[{"href":"https:\/\/www.cronacaonline.it\/index.php\/wp-json\/wp\/v2\/posts\/128328"}],"collection":[{"href":"https:\/\/www.cronacaonline.it\/index.php\/wp-json\/wp\/v2\/posts"}],"about":[{"href":"https:\/\/www.cronacaonline.it\/index.php\/wp-json\/wp\/v2\/types\/post"}],"author":[{"embeddable":true,"href":"https:\/\/www.cronacaonline.it\/index.php\/wp-json\/wp\/v2\/users\/2"}],"replies":[{"embeddable":true,"href":"https:\/\/www.cronacaonline.it\/index.php\/wp-json\/wp\/v2\/comments?post=128328"}],"version-history":[{"count":0,"href":"https:\/\/www.cronacaonline.it\/index.php\/wp-json\/wp\/v2\/posts\/128328\/revisions"}],"wp:featuredmedia":[{"embeddable":true,"href":"https:\/\/www.cronacaonline.it\/index.php\/wp-json\/"}],"wp:attachment":[{"href":"https:\/\/www.cronacaonline.it\/index.php\/wp-json\/wp\/v2\/media?parent=128328"}],"wp:term":[{"taxonomy":"category","embeddable":true,"href":"https:\/\/www.cronacaonline.it\/index.php\/wp-json\/wp\/v2\/categories?post=128328"},{"taxonomy":"post_tag","embeddable":true,"href":"https:\/\/www.cronacaonline.it\/index.php\/wp-json\/wp\/v2\/tags?post=128328"}],"curies":[{"name":"wp","href":"https:\/\/api.w.org\/{rel}","templated":true}]}}