{"id":128023,"date":"2016-06-09T13:58:51","date_gmt":"2016-06-09T11:58:51","guid":{"rendered":"http:\/\/www.cronacaonline.it\/public\/content\/?p=128023"},"modified":"2016-06-09T13:58:51","modified_gmt":"2016-06-09T11:58:51","slug":"lavoro-istat-242mila-occupati-in-piu-nel-primo-trimestre","status":"publish","type":"post","link":"https:\/\/www.cronacaonline.it\/index.php\/2016\/06\/09\/lavoro-istat-242mila-occupati-in-piu-nel-primo-trimestre\/","title":{"rendered":"Lavoro, Istat: 242mila occupati in pi\u00f9 nel primo trimestre"},"content":{"rendered":"<p><strong>Roma, 9 Giu 2016 - <\/strong>Nel primo trimestre l'occupazione \u00e8 in crescita con 242 mila occupati in pi\u00f9 su base annua (+1,1% nei dati grezzi).\u00a0 Lo comunica l'Istat sottolineando che rispetto al trimestre precedente c'\u00e8 un \"moderato aumento\" dello 0,1%. \"Il contributo decisivo viene dall'occupazione a tempo indeterminato (+341 mila) - spiega l'istituto di statistica nel report sul mercato del lavoro - a fronte della sostanziale stabilit\u00e0 di quella a termine e del calo degli indipendenti. L'incremento \u00e8 maggiore per il lavoro a tempo parziale\".<\/p>\n<p>L'occupazione complessiva cresce con dinamiche notevolmente differenziate tra le diverse tipologie occupazionali: il consistente aumento dei dipendenti a tempo indeterminato \u00e8 bilanciato dal calo dei dipendenti a termine e dalla stabilit\u00e0 degli indipendenti. Divaricazioni si osservano anche in relazione alle dinamiche degli occupati per classe di et\u00e0, con un aumento per i 50-64enni a fronte di lievi diminuzioni per i 15-34enni e per i 35-49enni. Rende noto inoltre l'Istat, che evidenzia: Le tendenze pi\u00f9 recenti, misurate dai dati mensili relativi ad aprile 2016 al netto della stagionalit\u00e0, registrano un miglioramento dei livelli occupazionali, con una crescita complessiva degli occupati per il secondo mese consecutivo.<\/p>\n<p>\"L'Italia sta gradualmente ripartendo, i segnali di riavvio dell'economia, seppur ancora contenuti e soggetti a incertezza, sono sostenuti dalla domanda interna, che evidenzia l'importanza dei consumi delle famiglie\". Lo ha scritto il presidente della Repubblica Sergio Mattarella in un messaggio all'assemblea di Confcommercio.<\/p>\n<p>&nbsp;<\/p>\n","protected":false},"excerpt":{"rendered":"<p>Roma, 9 Giu 2016 &#8211; Nel primo trimestre l&#8217;occupazione \u00e8 in crescita con 242 mila occupati in pi\u00f9 su base annua (+1,1% nei dati grezzi).\u00a0&#8230;<\/p>\n","protected":false},"author":2,"featured_media":117000,"comment_status":"closed","ping_status":"closed","sticky":false,"template":"","format":"standard","meta":[],"categories":[49,50],"tags":[],"_links":{"self":[{"href":"https:\/\/www.cronacaonline.it\/index.php\/wp-json\/wp\/v2\/posts\/128023"}],"collection":[{"href":"https:\/\/www.cronacaonline.it\/index.php\/wp-json\/wp\/v2\/posts"}],"about":[{"href":"https:\/\/www.cronacaonline.it\/index.php\/wp-json\/wp\/v2\/types\/post"}],"author":[{"embeddable":true,"href":"https:\/\/www.cronacaonline.it\/index.php\/wp-json\/wp\/v2\/users\/2"}],"replies":[{"embeddable":true,"href":"https:\/\/www.cronacaonline.it\/index.php\/wp-json\/wp\/v2\/comments?post=128023"}],"version-history":[{"count":0,"href":"https:\/\/www.cronacaonline.it\/index.php\/wp-json\/wp\/v2\/posts\/128023\/revisions"}],"wp:featuredmedia":[{"embeddable":true,"href":"https:\/\/www.cronacaonline.it\/index.php\/wp-json\/"}],"wp:attachment":[{"href":"https:\/\/www.cronacaonline.it\/index.php\/wp-json\/wp\/v2\/media?parent=128023"}],"wp:term":[{"taxonomy":"category","embeddable":true,"href":"https:\/\/www.cronacaonline.it\/index.php\/wp-json\/wp\/v2\/categories?post=128023"},{"taxonomy":"post_tag","embeddable":true,"href":"https:\/\/www.cronacaonline.it\/index.php\/wp-json\/wp\/v2\/tags?post=128023"}],"curies":[{"name":"wp","href":"https:\/\/api.w.org\/{rel}","templated":true}]}}