{"id":127790,"date":"2016-06-03T07:41:30","date_gmt":"2016-06-03T05:41:30","guid":{"rendered":"http:\/\/www.cronacaonline.it\/public\/content\/?p=127790"},"modified":"2016-06-03T07:41:30","modified_gmt":"2016-06-03T05:41:30","slug":"maltempo-in-europa-11-vittime-tra-francia-e-germania-hollande-catastrofe-naturale","status":"publish","type":"post","link":"https:\/\/www.cronacaonline.it\/index.php\/2016\/06\/03\/maltempo-in-europa-11-vittime-tra-francia-e-germania-hollande-catastrofe-naturale\/","title":{"rendered":"Maltempo in Europa, 11 vittime tra Francia e Germania. Hollande: &#8220;catastrofe naturale&#8221;"},"content":{"rendered":"<p>Parigi, 3 Giu 2016 - Per le zone francesi colpite dal\u00a0maltempo verr\u00e0 dichiarato \"lo stato di catastrofe naturale\". Lo\u00a0ha detto il presidente francese, Fran\u00e7ois Hollande.\u00a0La piena della Senna, intanto ha raggiunto i\u00a04,9 metri a Parigi. Si tratta del livello pi\u00f9 alto dal 2001.\u00a0Mentre viene mantenuta l'allerta in tutto il dipartimento della\u00a0Seine-et-Marne, nello sconfinato hinterland della capitale, dove\u00a0si concentra una densa fetta della popolazione francese. \"Il\u00a0livello della Senna crescer\u00e0 ancora\", dicono gli esperti, che prevedono per domani un livello di 5,60 metri. Non succedeva dal 1992. Da luned\u00ec sono stati oltre 10.000\u00a0gli interventi e 5.000 le persone evacuate. Domani intanto il museo del\u00a0Louvre\u00a0chiude per mettere in salvo le opere d'arte che si trovano nei\u00a0sotterranei, temendo che il livello d'acqua nella Senna continui a salire. \"L'obiettivo \u00e8 spostare le opere\u00a0situate in zone vulnerabili alle inondazioni, spostandole ai\u00a0piani pi\u00f9 alti\", si legge in una nota.<\/p>\n<p>Dopo quattro giorni di diluvio e\u00a0inondazioni, la Germania conta nove morti, la Francia due.\u00a0La Germania meridionale \u00e8 la zona pi\u00f9 colpita. Luned\u00ec nel\u00a0Baden-Wuerttemberg due persone sono morte risucchiate in un\u00a0canale di scarico, una \u00e8 annegata nel garage della sua\u00a0abitazione improvvisamente allagato ed una ragazza di 13 anni \u00e8\u00a0stata travolta da un treno dopo aver cercato riparo dalla\u00a0pioggia in un tunnel ferroviario.\u00a0Un nuovo diluvio ieri notte ha reclamato altre 5 vittime in Baviera, vicino al confine con l'Austria: tre donne\u00a0di una stessa famiglia, un uomo di 75 anni, ed una donna di 80\u00a0intrappolata nella sua casa. E secondo la polizia della Bassa\u00a0Baviera altre tre persone sarebbero disperse.\u00a0In Francia, ieri sera, \u00e8 stata trovata morta una donna di 86\u00a0anni nella sua casa allagata a Souppes-sur-Loing, sommersa da\u00a0quella che le autorit\u00e0 hanno descritto come la peggiore\u00a0inondazione in 100 anni. Oggi invece un uomo\u00a0di 74 anni \u00e8 morto a causa della\u00a0esondazione di un fiume a Evry-Grgy-sur-Yerre, a sud di\u00a0Parigi. Ne ha dato notizia la prefettura del dipartimento in un\u00a0comunicato, in cui si legge che l'uomo \u00e8 stato \"trascinato\u00a0dalle acque\".<\/p>\n<p>Il quarto giorno consecutivo di\u00a0pioggia battente in Belgio sta provocando inondazioni in diverse\u00a0aree del paese. Nei giorni scorsi a finire sotto l'acqua erano\u00a0state la zona occidentale delle Fiandre e a nord di Anversa.\u00a0Oggi ad essere inondate ed evacuate sono alcuni sobborghi della\u00a0zona di Liegi e nel Limburgo, la regione vicina alla frontiera\u00a0con la Germania. Secondo le previsioni meteo, \u00e8 previsto un\u00a0leggero miglioramento per domani e sabato, ma nuovamente forti piogge da domenica sera fino a met\u00e0 della prossima settimana.<\/p>\n<p>&nbsp;<\/p>\n","protected":false},"excerpt":{"rendered":"<p>Parigi, 3 Giu 2016 &#8211; Per le zone francesi colpite dal\u00a0maltempo verr\u00e0 dichiarato &#8220;lo stato di catastrofe naturale&#8221;. Lo\u00a0ha detto il presidente francese, Fran\u00e7ois Hollande.\u00a0La&#8230;<\/p>\n","protected":false},"author":2,"featured_media":127791,"comment_status":"closed","ping_status":"closed","sticky":false,"template":"","format":"standard","meta":[],"categories":[49,50],"tags":[],"_links":{"self":[{"href":"https:\/\/www.cronacaonline.it\/index.php\/wp-json\/wp\/v2\/posts\/127790"}],"collection":[{"href":"https:\/\/www.cronacaonline.it\/index.php\/wp-json\/wp\/v2\/posts"}],"about":[{"href":"https:\/\/www.cronacaonline.it\/index.php\/wp-json\/wp\/v2\/types\/post"}],"author":[{"embeddable":true,"href":"https:\/\/www.cronacaonline.it\/index.php\/wp-json\/wp\/v2\/users\/2"}],"replies":[{"embeddable":true,"href":"https:\/\/www.cronacaonline.it\/index.php\/wp-json\/wp\/v2\/comments?post=127790"}],"version-history":[{"count":0,"href":"https:\/\/www.cronacaonline.it\/index.php\/wp-json\/wp\/v2\/posts\/127790\/revisions"}],"wp:featuredmedia":[{"embeddable":true,"href":"https:\/\/www.cronacaonline.it\/index.php\/wp-json\/wp\/v2\/media\/127791"}],"wp:attachment":[{"href":"https:\/\/www.cronacaonline.it\/index.php\/wp-json\/wp\/v2\/media?parent=127790"}],"wp:term":[{"taxonomy":"category","embeddable":true,"href":"https:\/\/www.cronacaonline.it\/index.php\/wp-json\/wp\/v2\/categories?post=127790"},{"taxonomy":"post_tag","embeddable":true,"href":"https:\/\/www.cronacaonline.it\/index.php\/wp-json\/wp\/v2\/tags?post=127790"}],"curies":[{"name":"wp","href":"https:\/\/api.w.org\/{rel}","templated":true}]}}