{"id":127297,"date":"2016-05-22T08:25:40","date_gmt":"2016-05-22T06:25:40","guid":{"rendered":"http:\/\/www.cronacaonline.it\/public\/content\/?p=127297"},"modified":"2016-05-22T08:25:40","modified_gmt":"2016-05-22T06:25:40","slug":"laustria-schiera-80-poliziotti-in-piu-al-brennero-per-i-controlli","status":"publish","type":"post","link":"https:\/\/www.cronacaonline.it\/index.php\/2016\/05\/22\/laustria-schiera-80-poliziotti-in-piu-al-brennero-per-i-controlli\/","title":{"rendered":"L&#8217;Austria schiera 80 poliziotti in pi\u00f9 al Brennero per i controlli"},"content":{"rendered":"<p>Vienna (Austria), 22 Mag 2016 - Vienna torna ad accelerare sul controllo dei flussi di migranti al Brennero. Da marted\u00ec l'Austria schierer\u00e0 altri 80 poliziotti al valico con l'Italia per intensificare i\u00a0controlli per l'arrivo dei profughi.<\/p>\n<p>Le rassicurazioni di maggiori controlli da parte dell'Italia avevano tranquillizzato gli austriaci, che avevano fermato la costruzione, gi\u00e0 cominciata, di una struttura di recinzione per i controlli. Ma ora con l'arrivo di gruppi di profughi che cercano di varcare il confine perlopi\u00f9 a piedi, la situazione \u00e8 cambiata.<\/p>\n<p>Il ministro degli interni austriaco, Wolfgang Sobotka, avrebbe assicurato al presidente del Land Tirolo, G\u00fcnther Platter, che da marted\u00ec al Brennero ci saranno 80 poliziotti in pi\u00f9 per svolgere quei controlli che attualmente si possono svolgere nei limiti degli accordi di Schengen.<\/p>\n<p>\u00c8 duro l'attacco alle autorit\u00e0 italiane sferrato dal governatore del Tirolo G\u00fcnther Platter:\u00a0\"L'Italia non ha mantenuto le\u00a0promesse. Non accetter\u00f2 che gli italiani distribuiscano\u00a0inefficaci tranquillanti su presunti controlli e da noi il\u00a0numero di ingressi illegali aumenti nuovamente. Erano serie le\u00a0promesse da parte del Ministero degli Interni italiano di\u00a0effettuare i controlli sui migranti oppure uno stratagemma per\u00a0impedire l'attivazione del management austriaco al confine del\u00a0Brennero?\", afferma Platter.<\/p>\n<p>Le autorit\u00e0 austriache, da Platter a Karl\u00a0Muehlsteiger, sindaco di Gries am Brenner - primo paese in\u00a0territorio austriaco dopo il confine - sostengono che\u00a0nell'ultima settimana il numero di migranti entrato\u00a0illegalmente in Austria \u00e8 aumentato.<\/p>\n<p>Alle accuse del governatore del Land Tirolo, Platter, replica il sottosegretario all'Interno con delega all'immigrazione: \"Abbiamo grande rispetto per le campagne elettorali degli altri Paesi, ma abbiamo soprattutto grande rispetto per la verit\u00e0\", dice Domenico Manzione. Le dichiarazioni di Platter \"non trovano conforto nei dati e spiace che vengano da un'autorit\u00e0 che ha concordato con noi la strategia di intervento\", spiega.<\/p>\n<p>&nbsp;<\/p>\n","protected":false},"excerpt":{"rendered":"<p>Vienna (Austria), 22 Mag 2016 &#8211; Vienna torna ad accelerare sul controllo dei flussi di migranti al Brennero. Da marted\u00ec l&#8217;Austria schierer\u00e0 altri 80 poliziotti&#8230;<\/p>\n","protected":false},"author":2,"featured_media":125717,"comment_status":"closed","ping_status":"closed","sticky":false,"template":"","format":"standard","meta":[],"categories":[49,50],"tags":[],"_links":{"self":[{"href":"https:\/\/www.cronacaonline.it\/index.php\/wp-json\/wp\/v2\/posts\/127297"}],"collection":[{"href":"https:\/\/www.cronacaonline.it\/index.php\/wp-json\/wp\/v2\/posts"}],"about":[{"href":"https:\/\/www.cronacaonline.it\/index.php\/wp-json\/wp\/v2\/types\/post"}],"author":[{"embeddable":true,"href":"https:\/\/www.cronacaonline.it\/index.php\/wp-json\/wp\/v2\/users\/2"}],"replies":[{"embeddable":true,"href":"https:\/\/www.cronacaonline.it\/index.php\/wp-json\/wp\/v2\/comments?post=127297"}],"version-history":[{"count":0,"href":"https:\/\/www.cronacaonline.it\/index.php\/wp-json\/wp\/v2\/posts\/127297\/revisions"}],"wp:featuredmedia":[{"embeddable":true,"href":"https:\/\/www.cronacaonline.it\/index.php\/wp-json\/wp\/v2\/media\/125717"}],"wp:attachment":[{"href":"https:\/\/www.cronacaonline.it\/index.php\/wp-json\/wp\/v2\/media?parent=127297"}],"wp:term":[{"taxonomy":"category","embeddable":true,"href":"https:\/\/www.cronacaonline.it\/index.php\/wp-json\/wp\/v2\/categories?post=127297"},{"taxonomy":"post_tag","embeddable":true,"href":"https:\/\/www.cronacaonline.it\/index.php\/wp-json\/wp\/v2\/tags?post=127297"}],"curies":[{"name":"wp","href":"https:\/\/api.w.org\/{rel}","templated":true}]}}