{"id":127245,"date":"2016-05-20T15:43:19","date_gmt":"2016-05-20T13:43:19","guid":{"rendered":"http:\/\/www.cronacaonline.it\/public\/content\/?p=127245"},"modified":"2016-05-20T15:43:19","modified_gmt":"2016-05-20T13:43:19","slug":"cultura-la-giunta-approva-interventi-per-attuazione-progetti-e-tutela-patrimonio-regionale","status":"publish","type":"post","link":"https:\/\/www.cronacaonline.it\/index.php\/2016\/05\/20\/cultura-la-giunta-approva-interventi-per-attuazione-progetti-e-tutela-patrimonio-regionale\/","title":{"rendered":"Cultura, la giunta approva interventi per attuazione progetti e tutela patrimonio regionale"},"content":{"rendered":"<p>Cagliari, 20 Mag 2017 -\u00a0\u00c8 finalizzata a favorire lo sviluppo delle imprese culturali e a migliorare l\u2019attrattivit\u00e0 turistica del territorio, anche attraverso l\u2019integrazione di risorse e servizi locali e con il coinvolgimento della Smart Specialization Strategy (S3) della Regione, la delibera approvata dall\u2019Esecutivo su proposta dell\u2019assessore del Bilancio Raffaele Paci, d\u2019intesa con l'assessore della Pubblica Istruzione Claudia Firino e della Difesa dell'ambiente, Donatella Spano. Il progetto rientra nella programmazione Unitaria 2014-2020 per la competitivit\u00e0 delle imprese (strategia 2) e comprende le direttive di attuazione per progetti culturali e di conservazione del patrimonio culturale e naturale e dei prodotti culturali audiovisivi.<\/p>\n<p>\u201cMettiamo un ulteriore tassello nella strategia della programmazione unitaria, rivolgendoci ai prodotti culturali e alla conservazione del nostro grande patrimonio culturale e naturale - afferma l\u2019assessore Paci -. \u201cRiunendo tutti i fondi disponibili, e ragionando in un\u2019ottica d\u2019insieme, punto forte della strategia, prevediamo sovvenzioni a seguito di selezione con procedura valutativa o negoziale per interventi che prioritariamente abbiano valenza territoriale\u201d.<\/p>\n<p>\u201cLa Sardegna pu\u00f2 attendersi molto dalla conservazione e valorizzazione della bellezza di cui \u00e8 ricca e che pu\u00f2 generare circuiti economici e sociali virtuosi, ed \u00e8 per questo che stimoliamo le imprese culturali ad essere fortemente attive e diamo la possibilit\u00e0 di mettere in campo strumenti che consentono di aggiungere pezzi importanti di innovazione nel campo culturale. Da questo provvedimento molto atteso per la gestione dei beni culturali, per l\u2019audiovisivo, per potenziare l\u2019industria culturale e creativa, sono certa che seguiranno risultati importanti\u201d dichiara l\u2019assessore della Cultura Claudia Firino.<\/p>\n<p>Nel dettaglio, la delibera prevede interventi finalizzati a sostenere investimenti in infrastrutture culturali, costi di funzionamento per progetti e attivit\u00e0 culturali, costi di sviluppo, produzione, distribuzione e promozione di opere audiovisive e realizzazione di audiovisivi di interesse regionale. Rientrano nel provvedimento: la realizzazione di progetti e attivit\u00e0 culturali e di conservazione del patrimonio regionale; progetti e attivit\u00e0 per la valorizzazione del patrimonio naturale collegato direttamente al patrimonio culturale o riconosciuto formalmente come patrimonio naturale (Parchi, Aree Marine Protette e Siti Natura 2000) o culturale regionale; prodotti culturali audiovisivi di interesse regionale realizzati prevalentemente in Sardegna.<\/p>\n<p>Gli interventi possono avere ad oggetto anche beni del patrimonio culturale di propriet\u00e0 e nella disponibilit\u00e0 di un soggetto pubblico e possono essere proposti e realizzati, anche unitamente ai soggetti pubblici, da imprese del settore culturale e naturalistico operanti in Sardegna.<\/p>\n","protected":false},"excerpt":{"rendered":"<p>Cagliari, 20 Mag 2017 &#8211;\u00a0\u00c8 finalizzata a favorire lo sviluppo delle imprese culturali e a migliorare l\u2019attrattivit\u00e0 turistica del territorio, anche attraverso l\u2019integrazione di risorse&#8230;<\/p>\n","protected":false},"author":2,"featured_media":28941,"comment_status":"closed","ping_status":"closed","sticky":false,"template":"","format":"standard","meta":[],"categories":[49,52],"tags":[],"_links":{"self":[{"href":"https:\/\/www.cronacaonline.it\/index.php\/wp-json\/wp\/v2\/posts\/127245"}],"collection":[{"href":"https:\/\/www.cronacaonline.it\/index.php\/wp-json\/wp\/v2\/posts"}],"about":[{"href":"https:\/\/www.cronacaonline.it\/index.php\/wp-json\/wp\/v2\/types\/post"}],"author":[{"embeddable":true,"href":"https:\/\/www.cronacaonline.it\/index.php\/wp-json\/wp\/v2\/users\/2"}],"replies":[{"embeddable":true,"href":"https:\/\/www.cronacaonline.it\/index.php\/wp-json\/wp\/v2\/comments?post=127245"}],"version-history":[{"count":0,"href":"https:\/\/www.cronacaonline.it\/index.php\/wp-json\/wp\/v2\/posts\/127245\/revisions"}],"wp:featuredmedia":[{"embeddable":true,"href":"https:\/\/www.cronacaonline.it\/index.php\/wp-json\/"}],"wp:attachment":[{"href":"https:\/\/www.cronacaonline.it\/index.php\/wp-json\/wp\/v2\/media?parent=127245"}],"wp:term":[{"taxonomy":"category","embeddable":true,"href":"https:\/\/www.cronacaonline.it\/index.php\/wp-json\/wp\/v2\/categories?post=127245"},{"taxonomy":"post_tag","embeddable":true,"href":"https:\/\/www.cronacaonline.it\/index.php\/wp-json\/wp\/v2\/tags?post=127245"}],"curies":[{"name":"wp","href":"https:\/\/api.w.org\/{rel}","templated":true}]}}