{"id":127207,"date":"2016-05-19T17:03:52","date_gmt":"2016-05-19T15:03:52","guid":{"rendered":"http:\/\/www.cronacaonline.it\/public\/content\/?p=127207"},"modified":"2016-05-19T17:03:52","modified_gmt":"2016-05-19T15:03:52","slug":"il-leader-storico-del-partito-radicale-marco-pannella-e-morto-oggi-in-una-clinica-romana","status":"publish","type":"post","link":"https:\/\/www.cronacaonline.it\/index.php\/2016\/05\/19\/il-leader-storico-del-partito-radicale-marco-pannella-e-morto-oggi-in-una-clinica-romana\/","title":{"rendered":"Il leader storico del Partito Radicale Marco Pannella \u00e8 morto oggi in una clinica romana."},"content":{"rendered":"<p>Roma, 19 Mag 2016 - Il leader storico dei radicali Marco Pannella \u00e8 morto oggi dopo un lungo periodo di malattia. Aveva compiuto 86 anni il 2 maggio scorso.\u00a0\u00c8 morto, in una clinica di Roma dove\u00a0era stato ricoverato ieri per l'aggravarsi delle sue condizioni. L'annuncio \u00e8 stato dato in diretta da Radio\u00a0Radicale che sempre ieri aveva dato notizia del ricovero. Il leader dei radicali si \u00e8 spento intorno alle 14 presso la casa di cura privata Nostra Signora della Mercede a Roma. Gi\u00e0 in precedenza era stato ospite della casa di cura, durante i suoi lunghi periodi di sciopero della fame e della sete.\u00a0Marco Pannella ha vissuto una lunga vita politica fondando nel 1955 il Partito Radicale.<\/p>\n<p>Venerd\u00ec pomeriggio cerimonia per ricordarlo a Montecitorio, il partito lo ricorder\u00e0 nella sede di via Torre Argentina a Roma, e sabato un ulteriore saluto a Piazza Navona. A Teramo domenica sar\u00e0 lutto cittadino, con camera ardente nella sala consiliare del Comune dalle 13 alle 15, ed alle 16 verr\u00e0 tumulato nella cappella di famiglia.<\/p>\n<p>Il commento del presidente del Consiglio Matteo Renzi: \"Pannella un grande leader che ha segnato la storia del paese\u00a0con battaglie talvolta controverse ma sempre coraggiose e a viso aperto. Rendo\u00a0omaggio a nome mio e del governo alla storia di questo combattente e leone della libert\u00e0\". Cos\u00ec Renzi ha commentato la morte di Pannella durante la conferenza stampa con il premier olandese Mark Rutte.<\/p>\n","protected":false},"excerpt":{"rendered":"<p>Roma, 19 Mag 2016 &#8211; Il leader storico dei radicali Marco Pannella \u00e8 morto oggi dopo un lungo periodo di malattia. Aveva compiuto 86 anni&#8230;<\/p>\n","protected":false},"author":2,"featured_media":127208,"comment_status":"closed","ping_status":"closed","sticky":false,"template":"","format":"standard","meta":[],"categories":[49,50],"tags":[],"_links":{"self":[{"href":"https:\/\/www.cronacaonline.it\/index.php\/wp-json\/wp\/v2\/posts\/127207"}],"collection":[{"href":"https:\/\/www.cronacaonline.it\/index.php\/wp-json\/wp\/v2\/posts"}],"about":[{"href":"https:\/\/www.cronacaonline.it\/index.php\/wp-json\/wp\/v2\/types\/post"}],"author":[{"embeddable":true,"href":"https:\/\/www.cronacaonline.it\/index.php\/wp-json\/wp\/v2\/users\/2"}],"replies":[{"embeddable":true,"href":"https:\/\/www.cronacaonline.it\/index.php\/wp-json\/wp\/v2\/comments?post=127207"}],"version-history":[{"count":0,"href":"https:\/\/www.cronacaonline.it\/index.php\/wp-json\/wp\/v2\/posts\/127207\/revisions"}],"wp:featuredmedia":[{"embeddable":true,"href":"https:\/\/www.cronacaonline.it\/index.php\/wp-json\/wp\/v2\/media\/127208"}],"wp:attachment":[{"href":"https:\/\/www.cronacaonline.it\/index.php\/wp-json\/wp\/v2\/media?parent=127207"}],"wp:term":[{"taxonomy":"category","embeddable":true,"href":"https:\/\/www.cronacaonline.it\/index.php\/wp-json\/wp\/v2\/categories?post=127207"},{"taxonomy":"post_tag","embeddable":true,"href":"https:\/\/www.cronacaonline.it\/index.php\/wp-json\/wp\/v2\/tags?post=127207"}],"curies":[{"name":"wp","href":"https:\/\/api.w.org\/{rel}","templated":true}]}}