{"id":127176,"date":"2016-05-19T07:32:16","date_gmt":"2016-05-19T05:32:16","guid":{"rendered":"http:\/\/www.cronacaonline.it\/public\/content\/?p=127176"},"modified":"2016-05-19T07:32:16","modified_gmt":"2016-05-19T05:32:16","slug":"il-volo-egyptair-da-parigi-al-cairo-scompare-dai-radar-in-pieno-mediterraneo-a-bordo-69-persone","status":"publish","type":"post","link":"https:\/\/www.cronacaonline.it\/index.php\/2016\/05\/19\/il-volo-egyptair-da-parigi-al-cairo-scompare-dai-radar-in-pieno-mediterraneo-a-bordo-69-persone\/","title":{"rendered":"Il volo Ms580 Il volo Egyptair scomparso nel Mediterraneo: a bordo 66 persone, trovato relitto"},"content":{"rendered":"<p>Il Cairo (Egitto), 19 Mag 2016 - Il volo MS804 partito ieri sera dall'aeroporto parigini di Charles De Gaulle e diretto al Cairo \u00e8 scomparso nella notte dai tracciati radar mentre era appena entrato nello spazio aereo egiziano. Il relitto sarebbe stato individuato al largo dell'isola greca di Karpathos, in acque territoriali egiziane.<\/p>\n<p>Navi egiziane e alcuni\u00a0mezzi militari greci stanno convergendo sul luogo del ritrovamento, nel mar Egeo tra Rodi e Creta. Lo riferiscono i media francesi.\u00a0 Prima a dare la notizia della scomparsa del velivolo\u00a0su Twitter \u00e8 stata la compagnia di bandiera egiziana Egyptair.<\/p>\n<p>Secondo la compagnia egiziana la perdita di contatto con le torri di controllo \u00e8 avvenuto alle 2.45, mentre l'Airbus si trovava a 37mila piedi (oltre 11mila metri) ed era da 10 miglia nello spazio aereo egiziano. Dall'aeroporto di Parigi \u00e8 arrivata la conferma che l'aereo - un Airbus A320 - non \u00e8 atterrato ma ancora non si hanno versioni ufficiali su quanto accaduto: se cio\u00e8, l'aereo sia precipitato in mare per un'avaria o se si sia trattato di altro: un attentato o un dirottamento. \u00a0Per ulteriori chiarimenti occorrer\u00e0 attendere la conferenza stampa del\u00a0ministro dell'Aviazione civile egiziana, Sherif Shenata Tiendra, fissata per le 13.30 al Cairo.<\/p>\n<p>Una riunione interministeriale di crisi si \u00e8 tenuta all'Eliseo con il presidente francese Fran\u00e7ois Hollande alle 8.30. Il capo dello Stato ha parlato al telefono con il presidente egiziano Abdel Fattah al-Sisi, con il quale ha concordato \u2018una stretta cooperazione\u2019 per stabilire le circostanze della scomparsa del volo.\u00a0Il primo ministro francese, Manuel Valls, in un'intervista a radio Rtl, ha dichiarato che\u00a0\u00abal momento non si esclude alcuna ipotesi.<\/p>\n<p>Una simile dichiarazione \u00e8 stata rilasciata\u00a0anche dal premier egiziano Sherif Ismail, mentre\u00a0stamattina si recava al centro di coordinamento delle operazioni.\u00a0\"Non si pu\u00f2 escludere - ha detto, rispondendo ai cronisti - alcuna possibilit\u00e0 sulle cause della scomparsa dell'aereo dell'Egyptair, compreso l'attacco terroristico\". A riferirlo \u00e8\u00a0l'agenzia statale egiziana Mena.<\/p>\n<p>Fonti del ministero greco della\u00a0Difesa citate dal britannico 'Mirror' hanno riferito che le autorit\u00e0\u00a0di Atene stanno indagando sul racconto del comandante di un\u00a0mercantile, che sostiene di aver visto \"fiamme nel cielo\" a circa 130\u00a0miglia nautiche a sud dell'isola di Karpathos. Al vaglio, dunque,\u00a0un\u00a0possibile legame tra la testimonianza e la scomparsa dell'aereo MS804\u00a0della EgyptAir partito da Parigi.<\/p>\n<p>I modelli usati dall'Egyptair sono\u00a0abilitati al trasporto di 145 passeggeri totali.\u00a0Il pilota aveva un'esperienza di 6.275 ore di volo, di cui 2.101 su quel tipo di velivolo, mentre il copilota aveva un'esperienza di 2.766 ore.<\/p>\n<p>&nbsp;<\/p>\n<p>&nbsp;<\/p>\n","protected":false},"excerpt":{"rendered":"<p>Il Cairo (Egitto), 19 Mag 2016 &#8211; Il volo MS804 partito ieri sera dall&#8217;aeroporto parigini di Charles De Gaulle e diretto al Cairo \u00e8 scomparso&#8230;<\/p>\n","protected":false},"author":2,"featured_media":127177,"comment_status":"closed","ping_status":"closed","sticky":false,"template":"","format":"standard","meta":[],"categories":[49,50],"tags":[],"_links":{"self":[{"href":"https:\/\/www.cronacaonline.it\/index.php\/wp-json\/wp\/v2\/posts\/127176"}],"collection":[{"href":"https:\/\/www.cronacaonline.it\/index.php\/wp-json\/wp\/v2\/posts"}],"about":[{"href":"https:\/\/www.cronacaonline.it\/index.php\/wp-json\/wp\/v2\/types\/post"}],"author":[{"embeddable":true,"href":"https:\/\/www.cronacaonline.it\/index.php\/wp-json\/wp\/v2\/users\/2"}],"replies":[{"embeddable":true,"href":"https:\/\/www.cronacaonline.it\/index.php\/wp-json\/wp\/v2\/comments?post=127176"}],"version-history":[{"count":0,"href":"https:\/\/www.cronacaonline.it\/index.php\/wp-json\/wp\/v2\/posts\/127176\/revisions"}],"wp:featuredmedia":[{"embeddable":true,"href":"https:\/\/www.cronacaonline.it\/index.php\/wp-json\/wp\/v2\/media\/127177"}],"wp:attachment":[{"href":"https:\/\/www.cronacaonline.it\/index.php\/wp-json\/wp\/v2\/media?parent=127176"}],"wp:term":[{"taxonomy":"category","embeddable":true,"href":"https:\/\/www.cronacaonline.it\/index.php\/wp-json\/wp\/v2\/categories?post=127176"},{"taxonomy":"post_tag","embeddable":true,"href":"https:\/\/www.cronacaonline.it\/index.php\/wp-json\/wp\/v2\/tags?post=127176"}],"curies":[{"name":"wp","href":"https:\/\/api.w.org\/{rel}","templated":true}]}}